{"id":230199,"date":"2024-05-28T18:01:17","date_gmt":"2024-05-28T16:01:17","guid":{"rendered":"https:\/\/blog.lewagon.com\/?p=230199"},"modified":"2026-02-03T18:20:11","modified_gmt":"2026-02-03T17:20:11","slug":"transition-pro-projet-de-transition-professionnelle","status":"publish","type":"post","link":"https:\/\/blog.lewagon.com\/fr\/financement\/transition-pro-projet-de-transition-professionnelle\/","title":{"rendered":"Transition Pro &#8211; Qu\u2019est-ce que le Projet de Transition Professionnelle ?"},"content":{"rendered":"","protected":false},"excerpt":{"rendered":"<p>Vous \u00eates en poste et vous aimeriez changer de carri\u00e8re ? D\u00e9couvrez comment amorcer votre transition professionnelle sereinement gr\u00e2ce au financement Transition Pro. <\/p>\n","protected":false},"author":42,"featured_media":230206,"comment_status":"closed","ping_status":"closed","sticky":false,"template":"","format":"standard","meta":{"_acf_changed":false,"inline_featured_image":false,"_jetpack_memberships_contains_paid_content":false,"footnotes":""},"categories":[25],"type_de_post":[5],"post-format":[175],"class_list":["post-230199","post","type-post","status-publish","format-standard","has-post-thumbnail","hentry","category-financement","type_de_post-avec-sommaire","post-format-post-fr"],"acf":[],"acfml_non_translatable_locations":null,"_wp_attached_file":null,"_wp_attachment_metadata":null,"wpml_media_processed":null,"_elementor_inline_svg":null,"_elementor_source_image_hash":null,"_wp_attachment_image_alt":null,"_msc":null,"_elementor_is_screenshot":null,"_wp_attachment_context":null,"_oembed_4f1dc266c1e5b199d2e3668569863d35":null,"_wp_attachment_backup_sizes":null,"description_courte_du_cours":null,"_description_courte_du_cours":null,"sujets":null,"_sujets":null,"niveau":null,"_niveau":null,"duree":null,"_duree":null,"lien_externe_du_cours":null,"_lien_externe_du_cours":null,"_g_feedback_shortcode_8e54bebc0966bf7f9290fee5ef5e57c8a8c597c6":null,"_g_feedback_shortcode_atts_8e54bebc0966bf7f9290fee5ef5e57c8a8c597c6":null,"elementor_font_files":null,"elementor_font_face":null,"_elementor_location":null,"_elementor_priority":null,"_elementor_code":null,"_elementor_extra_options":null,"date_de_levent":null,"_date_de_levent":null,"heure_de_debut_de_levent":null,"_heure_de_debut_de_levent":null,"heure_de_fin_de_levent":null,"_heure_de_fin_de_levent":null,"time_zone":null,"_time_zone":null,"description_de_levent":null,"_description_de_levent":null,"format_du_cours":null,"_format_du_cours":null,"pre-requis":null,"_pre-requis":null,"langue_de_levent":null,"_langue_de_levent":null,"lien_externe_de_levent":null,"_lien_externe_de_levent":null,"_yoast_wpseo_primary_tag_events":null,"lieu_de_levent":null,"_lieu_de_levent":null,"_menu_item_type":null,"_menu_item_menu_item_parent":null,"_menu_item_object_id":null,"_menu_item_object":null,"_menu_item_target":null,"_menu_item_classes":null,"_menu_item_xfn":null,"_menu_item_url":null,"_omapi_type":null,"_omapi_ids":null,"_omapi_enabled":null,"_yoast_wpseo_content_score":"30","_pll_strings_translations":null,"_yoast_wpseo_primary_post_tag":"","_yoast_wpseo_primary_type_de_post":"5","_yoast_wpseo_primary_post-format":"175","_oembed_e607e81f61090d85eabdabc743a27470":null,"_oembed_196c62ccee9fda191cd6fa5f568ddc05":null,"_oembed_6b5f28c0de48cbf3a2ad766be5eb3b30":null,"_oembed_082c4292f4cd0dedc40ae746a899501c":null,"om_disable_all_campaigns":null,"wpil_sync_report3":null,"_yoast_wpseo_focuskw":"transition pro","_yoast_wpseo_linkdex":"82","_yoast_wpseo_opengraph-title":null,"_yoast_wpseo_opengraph-description":null,"_yoast_wpseo_twitter-title":null,"_yoast_wpseo_twitter-description":null,"wpil_links_inbound_internal_count":null,"wpil_links_inbound_internal_count_data":null,"wpil_links_outbound_internal_count":null,"wpil_links_outbound_internal_count_data":null,"wpil_links_outbound_external_count":null,"wpil_links_outbound_external_count_data":null,"wpil_sync_report2_time":null,"gnpub_modified_count":"6","_encloseme":"1","_jetpack_memberships_contains_paid_content":null,"_oembed_df252bc3f21e94e550790f0a26013d33":null,"_oembed_7c25793225e5877909b9566a95c01f07":null,"_oembed_time_7c25793225e5877909b9566a95c01f07":null,"_oembed_c035311b2d37111892bc6336ad75c1a7":null,"_oembed_time_c035311b2d37111892bc6336ad75c1a7":null,"_yoast_wpseo_focuskw_text_input":null,"_yoast_wpseo_opengraph-image":null,"_yoast_wpseo_twitter-image":null,"_bnitk_mfd_meta-robots-noindex":null,"_yoast_wpseo_meta-robots-noindex":null,"_bnitk_mfd_meta-robots-nofollow":null,"_yoast_wpseo_meta-robots-nofollow":null,"_oembed_9b38dff8e9475b390d223d1a13735d6e":null,"_oembed_09b03dce1da57707d8b400d6ead6cfea":null,"_oembed_time_09b03dce1da57707d8b400d6ead6cfea":null,"_oembed_761875ecd5d7c814e779a8a1669e3078":null,"_oembed_time_761875ecd5d7c814e779a8a1669e3078":null,"_oembed_60128998417fdcbaac97a635f5785efd":null,"_oembed_time_60128998417fdcbaac97a635f5785efd":null,"_oembed_bbc2c908fc7e611d82dce88119dc4350":null,"_oembed_time_bbc2c908fc7e611d82dce88119dc4350":null,"_oembed_5ada75a4373349f7b136423290505b3a":null,"_oembed_time_5ada75a4373349f7b136423290505b3a":null,"_oembed_086373a651e90a4eb1279fa1f945472c":null,"_oembed_time_086373a651e90a4eb1279fa1f945472c":null,"_wpml_post_translation_editor_native":null,"_oembed_5e24c29ce369f6b80c9eeec04f14665b":null,"_oembed_time_5e24c29ce369f6b80c9eeec04f14665b":null,"_oembed_8c3e7085f10b7c0fc5520e72277d797b":null,"_oembed_time_8c3e7085f10b7c0fc5520e72277d797b":null,"_oembed_1489782c3c8ef26605b6876b88f7bdda":null,"_oembed_time_1489782c3c8ef26605b6876b88f7bdda":null,"_oembed_0a3d659fc8de333aa903ab0b56018d23":null,"_oembed_time_0a3d659fc8de333aa903ab0b56018d23":null,"_oembed_d1585e059963c7dbe1909a198f64637b":null,"_oembed_da273c5e4d4993b38963204fa3018b68":null,"_oembed_time_da273c5e4d4993b38963204fa3018b68":null,"_oembed_a5e2c70342e4f17e48253b0a60b76258":null,"_oembed_time_a5e2c70342e4f17e48253b0a60b76258":null,"_oembed_83c8f84c43191797360817ecdc633650":null,"_oembed_time_83c8f84c43191797360817ecdc633650":null,"_oembed_e105b3463a1e23321ff3d1a9daf4ce77":null,"_oembed_1692f2329443bc1b18fc320e0d77cb4e":null,"_yoast_wpseo_schema_article_type":null,"_oembed_02bf1d274545a46fdad44828db802e9b":null,"_oembed_483efee027379bb1099137e135e60619":null,"_oembed_time_483efee027379bb1099137e135e60619":null,"_oembed_d9e3a2e55472c308a6d4f95f9859d57c":null,"_oembed_time_d9e3a2e55472c308a6d4f95f9859d57c":null,"_oembed_14a773041d4083fdc540105ccc635e1f":null,"_oembed_time_14a773041d4083fdc540105ccc635e1f":null,"_oembed_fd2c0295b311b878f43def139f693291":null,"_oembed_time_fd2c0295b311b878f43def139f693291":null,"_oembed_9e88339a75e081aa4aa002ac43b5917e":null,"_oembed_time_9e88339a75e081aa4aa002ac43b5917e":null,"_oembed_e58b2264fd34411178c5aead6e76fc0e":null,"_oembed_time_e58b2264fd34411178c5aead6e76fc0e":null,"_oembed_bddf29494cd341c273d2f25802785f3a":null,"_oembed_time_bddf29494cd341c273d2f25802785f3a":null,"_oembed_9fdc7ffbd7d1c456cb57323136bcf86d":null,"_oembed_time_9fdc7ffbd7d1c456cb57323136bcf86d":null,"_oembed_6882adf1f7ba34c40d8abda49c078862":null,"_oembed_time_6882adf1f7ba34c40d8abda49c078862":null,"_oembed_42ae0b6a999f98ed81c86edf9b80d360":null,"_oembed_time_42ae0b6a999f98ed81c86edf9b80d360":null,"_oembed_f4dcff6ba8f84f09cade790420ba4d80":null,"_oembed_time_f4dcff6ba8f84f09cade790420ba4d80":null,"_oembed_25071af9d5ecd73a9356fe5704bba4d8":null,"_oembed_time_25071af9d5ecd73a9356fe5704bba4d8":null,"_oembed_a86728f5efc0ca0642006bbb96f843cc":null,"_oembed_time_a86728f5efc0ca0642006bbb96f843cc":null,"_oembed_d7b5055b785ef8a0cf22c87d024bf2a4":null,"_oembed_time_d7b5055b785ef8a0cf22c87d024bf2a4":null,"_oembed_6a73e101cae7c3452b00a72cf0fc9b22":null,"_oembed_time_6a73e101cae7c3452b00a72cf0fc9b22":null,"_oembed_0aef478f0830cc2e857b9a150a7f763a":null,"_oembed_time_0aef478f0830cc2e857b9a150a7f763a":null,"_oembed_d1a3bdcdf10e4859560b01d910ad1120":null,"_oembed_time_d1a3bdcdf10e4859560b01d910ad1120":null,"_oembed_05ef2af36a31586761b7311d393d1df4":null,"_oembed_time_05ef2af36a31586761b7311d393d1df4":null,"_oembed_ed00fe1690bb2e86f1eb06acfe8a13e7":null,"_oembed_time_ed00fe1690bb2e86f1eb06acfe8a13e7":null,"_oembed_59ffcbf71f633752ca4f26b3b4a544c9":null,"_oembed_time_59ffcbf71f633752ca4f26b3b4a544c9":null,"_oembed_a7b688611478922544f14672fda18461":null,"_oembed_time_a7b688611478922544f14672fda18461":null,"_oembed_266f9a151e3a09eeee918af2d28fd24f":null,"_oembed_time_266f9a151e3a09eeee918af2d28fd24f":null,"_oembed_9f52726dd229470e47d40ff0c8aeb5f8":null,"_oembed_time_9f52726dd229470e47d40ff0c8aeb5f8":null,"_oembed_5547f713058fed19783e0533ce393a31":null,"_oembed_time_5547f713058fed19783e0533ce393a31":null,"_oembed_68ff8dd20e77e109ad084c2252ca040d":null,"_oembed_time_68ff8dd20e77e109ad084c2252ca040d":null,"_oembed_819f09a569080db91bf5dadda0a30d9f":null,"_oembed_time_819f09a569080db91bf5dadda0a30d9f":null,"_oembed_4fc081fbdf0afd05a624ba852a63e133":null,"_oembed_time_4fc081fbdf0afd05a624ba852a63e133":null,"_oembed_d66baf1301b99db8b19a0924319cf03e":null,"_oembed_time_d66baf1301b99db8b19a0924319cf03e":null,"_oembed_14a5f80e3eef4903e482b0ef3799659e":null,"_oembed_time_14a5f80e3eef4903e482b0ef3799659e":null,"_oembed_c24c715adb3853482526a794a5f3c3bb":null,"_oembed_time_c24c715adb3853482526a794a5f3c3bb":null,"_oembed_9c493e098be2852715cc990b6e6243f3":null,"_oembed_time_9c493e098be2852715cc990b6e6243f3":null,"_oembed_b60b7e3028d326711916099f54e986fa":null,"_oembed_time_b60b7e3028d326711916099f54e986fa":null,"_oembed_5283e19fcec44e632de8d436d46ec2f7":null,"_oembed_time_5283e19fcec44e632de8d436d46ec2f7":null,"_oembed_057692cb4479cf5c77363896a28db44f":null,"_oembed_time_057692cb4479cf5c77363896a28db44f":null,"_oembed_e8cb0f41d141fe5eb9d69fc32a98cd72":null,"_oembed_time_e8cb0f41d141fe5eb9d69fc32a98cd72":null,"_oembed_75dcbca80ec1829a77578390fae8fa56":null,"_oembed_time_75dcbca80ec1829a77578390fae8fa56":null,"_oembed_e49318dfeabd5f16d7967e2fcc746fbd":null,"_oembed_time_e49318dfeabd5f16d7967e2fcc746fbd":null,"_oembed_76116b03fe5a013341210d278021184b":null,"_oembed_time_76116b03fe5a013341210d278021184b":null,"_oembed_6c81e1c9b634b5066fb37aaccfd71053":null,"_oembed_time_6c81e1c9b634b5066fb37aaccfd71053":null,"_oembed_abbc1aa97e554f334c2ce25f0d883702":null,"_oembed_time_abbc1aa97e554f334c2ce25f0d883702":null,"_oembed_ba421363b36dd97c087665d5025396cf":null,"_oembed_time_ba421363b36dd97c087665d5025396cf":null,"_oembed_a98f236eb48eb9cd4ede7f319e9cfbc7":null,"_oembed_time_a98f236eb48eb9cd4ede7f319e9cfbc7":null,"_oembed_d61fec7d73397687995fec8d7bd9852f":null,"_oembed_time_d61fec7d73397687995fec8d7bd9852f":null,"_oembed_2e9e46a0176fe90e49cc5fff32ac6912":null,"_oembed_time_2e9e46a0176fe90e49cc5fff32ac6912":null,"_oembed_8a304f49b3aa1c3eec8d0b0577e05e3d":null,"_oembed_time_8a304f49b3aa1c3eec8d0b0577e05e3d":null,"_oembed_ad30824ca1e37cffdad2dbce46c4998a":null,"_oembed_time_ad30824ca1e37cffdad2dbce46c4998a":null,"_oembed_6c3dacc8273d4877c65378c1f324c9cc":null,"_oembed_time_6c3dacc8273d4877c65378c1f324c9cc":null,"_oembed_1d0e7d3c6d826ca1e56a24218abba6f2":null,"_oembed_time_1d0e7d3c6d826ca1e56a24218abba6f2":null,"_oembed_50929cd1300f7cdee57e6e5451afb186":null,"_oembed_time_50929cd1300f7cdee57e6e5451afb186":null,"_oembed_72dc139d079681a2c3d759a86af48ccc":null,"_oembed_time_72dc139d079681a2c3d759a86af48ccc":null,"_oembed_d359fdb1fa5da9e62dd3505937f46fb6":null,"_oembed_time_d359fdb1fa5da9e62dd3505937f46fb6":null,"_oembed_589d6065ccac39334963be5bd8656631":null,"_oembed_time_589d6065ccac39334963be5bd8656631":null,"_oembed_715be02b6ebadc1be6dd638a57d01eb7":null,"_oembed_time_715be02b6ebadc1be6dd638a57d01eb7":null,"_oembed_f5139a9df267d3aa532f5b56409c90b0":null,"_oembed_time_f5139a9df267d3aa532f5b56409c90b0":null,"_oembed_3d9a26be229b27005ca74596fb62cc08":null,"_oembed_time_3d9a26be229b27005ca74596fb62cc08":null,"_oembed_a7d6f0ce79de685fc6f7f4d447e15468":null,"_oembed_time_a7d6f0ce79de685fc6f7f4d447e15468":null,"_oembed_20849479e832b5312335e3086c5f972b":null,"_oembed_time_20849479e832b5312335e3086c5f972b":null,"_oembed_2be4d392f66846deb7624c1bf3bc293e":null,"_oembed_time_2be4d392f66846deb7624c1bf3bc293e":null,"_oembed_9bcf546ec292041d23df28a719840688":null,"_oembed_time_9bcf546ec292041d23df28a719840688":null,"_oembed_0858ffd7404bcd7d82896f942481fe63":null,"_oembed_time_0858ffd7404bcd7d82896f942481fe63":null,"_oembed_4a2dd0ecf082a7c7d82731c06a644799":null,"_oembed_time_4a2dd0ecf082a7c7d82731c06a644799":null,"_oembed_8a1e46bc730cb21c1085d157ae6fa8b6":null,"_oembed_time_8a1e46bc730cb21c1085d157ae6fa8b6":null,"_oembed_cae7deb931d75f809e459e912e71429a":null,"_oembed_time_cae7deb931d75f809e459e912e71429a":null,"_oembed_6fcb4f8ab72abccda75674f71a946f97":null,"_oembed_time_6fcb4f8ab72abccda75674f71a946f97":null,"_oembed_7f0bfd584f844117a64fe73d83b43245":null,"_oembed_time_7f0bfd584f844117a64fe73d83b43245":null,"_oembed_d0aea105cffdf6e004979cf1e4f51e96":null,"_oembed_time_d0aea105cffdf6e004979cf1e4f51e96":null,"_oembed_e53b85b8766b3dc91338f6c1b95a2541":null,"_oembed_time_e53b85b8766b3dc91338f6c1b95a2541":null,"_oembed_48832be87b763046d232c1f2b5ac5fb3":null,"_oembed_time_48832be87b763046d232c1f2b5ac5fb3":null,"_oembed_32a9a34fcf91c466be9a08e1dba3c84e":null,"_oembed_time_32a9a34fcf91c466be9a08e1dba3c84e":null,"_oembed_fb50b2dc07acfa2418f00cdc2ad4c4c2":null,"_oembed_time_fb50b2dc07acfa2418f00cdc2ad4c4c2":null,"_oembed_3089e1d62f944a73b38c996e49abd2fc":null,"_oembed_time_3089e1d62f944a73b38c996e49abd2fc":null,"_oembed_1ecc99e75cf5d001c8da4f4d600703a8":null,"_oembed_time_1ecc99e75cf5d001c8da4f4d600703a8":null,"_oembed_b9c03ca24b382c17966861d251dc3b8d":null,"_oembed_time_b9c03ca24b382c17966861d251dc3b8d":null,"_wp_trash_meta_status":null,"_wp_trash_meta_time":null,"_wp_desired_post_slug":null,"_oembed_031755ba22f2b639d88c78254a99ff39":null,"_oembed_time_031755ba22f2b639d88c78254a99ff39":null,"description_de_la_ressource":null,"_description_de_la_ressource":null,"titre_du_fichier":null,"_titre_du_fichier":null,"_edit_last":"3","_edit_lock":"1770139222:3","_wp_old_slug":null,"_top_nav_excluded":null,"_cms_nav_minihome":null,"inline_featured_image":null,"_yoast_wpseo_estimated-reading-time-minutes":"5","_yoast_wpseo_wordproof_timestamp":"","_wpml_media_duplicate":"1","_thumbnail_id":"230206","_wpml_media_featured":"1","_wpml_word_count":"42","_last_translation_edit_mode":null,"_last_editor_used_jetpack":"classic-editor","_elementor_edit_mode":null,"_elementor_template_type":null,"_wp_page_template":"default","_elementor_page_settings":null,"_elementor_data":null,"_elementor_page_assets":[],"_elementor_version":null,"_elementor_pro_version":null,"_elementor_elements_default_values":null,"_elementor_css":null,"_elementor_source":null,"_elementor_conditions":null,"_wpml_location_migration_done":null,"_elementor_controls_usage":null,"_elementor_screenshot_failed":null,"_elementor_screenshot":null,"_elementor_popup_display_settings":null,"_yoast_wpseo_primary_category":25,"_wp_old_date":null,"_elementor_template_widget_type":null,"_icl_lang_duplicate_of":null,"_yoast_wpseo_metadesc":"Vous \u00eates en poste et vous souhaitez vous reconvertir ? D\u00e9couvrez Transition Pro, le financement sp\u00e9cial Projet de Transition Professionnelle.","_yoast_wpseo_title":null,"contenu_de_larticle":"Vous \u00eates salari\u00e9(e) et vous souhaitez vous former \u00e0 un m\u00e9tier d\u2019avenir ? <strong>Transition Pro<\/strong> - ou <strong>Projet de Transition Professionnelle (PTP)<\/strong> est une opportunit\u00e9 exceptionnelle pour changer de carri\u00e8re tout en \u00e9tant r\u00e9mun\u00e9r\u00e9(e) pendant la dur\u00e9e de votre formation.\r\n\r\nL'acc\u00e8s \u00e0 ce financement avantageux requiert une d\u00e9marche structur\u00e9e. Dans les lignes qui suivent, nous vous accompagnerons \u00e0 travers les diff\u00e9rentes \u00e9tapes cruciales pour augmenter vos chances de d\u00e9bloquer ce financement.\r\n\r\n&nbsp;\r\n<h2>Le Projet de Transition Professionnelle : Un cong\u00e9 r\u00e9mun\u00e9r\u00e9 pour se former<\/h2>\r\n&nbsp;\r\n<h3>Le Projet de Transition Professionnelle, qu\u2019est ce que c\u2019est ?<\/h3>\r\nLe <strong>Projet de Transition Professionnelle (PTP)<\/strong>, anciennement connu sous le nom de Cong\u00e9 Individuel de Formation (CIF), est un dispositif permettant aux salari\u00e9(e)s de s'absenter de leur emploi pour <strong>suivre une formation tout en b\u00e9n\u00e9ficiant d'une r\u00e9mun\u00e9ration<\/strong> pendant cette p\u00e9riode.\r\n\r\nCette formation peut \u00eatre suivie \u00e0 temps plein ou \u00e0 temps partiel, selon les modalit\u00e9s convenues entre l'employeur, le (la) salari\u00e9(e) et l'organisme de formation.\r\n\r\n&nbsp;\r\n<h3>Quels montants peuvent-\u00eatre financ\u00e9s gr\u00e2ce au Projet de Transition Pro ?<\/h3>\r\nLe dispositif Transition Pro peut financer votre formation\u00a0<strong>jusqu\u2019\u00e0 21 600\u20ac TTC<\/strong>.\u00a0Le solde de votre Compte Professionnel de Formation sera utilis\u00e9 en premier lieu et jusqu\u2019\u00e0 \u00e9puisement.\r\n\r\n&nbsp;\r\n<h3>Quel est le montant de votre r\u00e9mun\u00e9ration pendant votre formation ?<\/h3>\r\nLorsque le PTP est r\u00e9alis\u00e9 sur le temps de travail, vous b\u00e9n\u00e9ficierez d'<strong>une r\u00e9mun\u00e9ration \u00e9gale \u00e0 un pourcentage de votre salaire moyen de r\u00e9f\u00e9rence<\/strong>. Il est calcul\u00e9 sur la base des salaires per\u00e7us au cours des 12 mois pr\u00e9c\u00e9dant la formation.\r\n\r\nSi votre salaire moyen de r\u00e9f\u00e9rence est inf\u00e9rieur ou \u00e9gal \u00e0 2 SMIC, la r\u00e9mun\u00e9ration per\u00e7ue au titre du PTP est \u00e9gale \u00e0\u00a0<strong>100%\u00a0du salaire moyen de r\u00e9f\u00e9rence<\/strong>. Dans le cas contraire, la r\u00e9mun\u00e9ration per\u00e7ue \u00e9quivaudra \u00e0 <strong>90% ou 60% du salaire moyen de r\u00e9f\u00e9rence<\/strong> en fonction de la dur\u00e9e du cong\u00e9.\r\n\r\n&nbsp;\r\n<h2>Quelles sont les conditions pour b\u00e9n\u00e9ficier de Transition Pro ?<\/h2>\r\n&nbsp;\r\n<h3>Quelles personnes sont \u00e9ligibles au Projet de Transition Professionnelle ?<\/h3>\r\n<strong>Salari\u00e9(e)s en CDI :<\/strong>\r\n<ul>\r\n \t<li>Vous devez avoir exerc\u00e9 une activit\u00e9 salari\u00e9e pendant au moins 24 mois, de mani\u00e8re continue ou non.<\/li>\r\n \t<li>Parmi ces 24 mois, les 12 derniers doivent avoir \u00e9t\u00e9 effectu\u00e9s chez votre employeur actuel.<\/li>\r\n<\/ul>\r\n&nbsp;\r\n\r\n<strong>Salari\u00e9(e)s en CDD :<\/strong>\r\n<ul>\r\n \t<li>Vous devez justifier de 24 mois d\u2019activit\u00e9 professionnelle dans les 5 derni\u00e8res ann\u00e9es, peu importe le type de contrat ou de statut.<\/li>\r\n \t<li>Parmi ces 24 mois, vous devez avoir travaill\u00e9 au moins 4 mois en CDD au cours de la derni\u00e8re ann\u00e9e.<\/li>\r\n \t<li>Il est n\u00e9cessaire d'\u00eatre en poste au moment du d\u00e9p\u00f4t de la demande de financement Transition Pro. La formation doit d\u00e9buter au maximum 6 mois apr\u00e8s la fin de votre contrat.<\/li>\r\n<\/ul>\r\n&nbsp;\r\n\r\n<strong>Salari\u00e9(e)s int\u00e9rimaires :<\/strong>\r\n<ul>\r\n \t<li>Vous devez justifier, sur les 18 derniers mois, d\u2019une anciennet\u00e9 de 1 600 heures travaill\u00e9es dans la branche, dont 600 heures dans l\u2019entreprise ou dans le groupe de travail temporaire o\u00f9 la demande de cong\u00e9 sp\u00e9cifique est d\u00e9pos\u00e9e.<\/li>\r\n<\/ul>\r\n&nbsp;\r\n\r\n<strong>Intermittent(e)s du spectacle :<\/strong>\r\n<ul>\r\n \t<li>Vous devez justifier de 220 jours ou cachets sur les 2 \u00e0 5 derni\u00e8res ann\u00e9es, avec des conditions sp\u00e9cifiques pour les techniciens et artistes du spectacle.<\/li>\r\n<\/ul>\r\n&nbsp;\r\n<h3>Quels projets professionnels sont \u00e9ligibles au Projet de Transition Professionnelle ?<\/h3>\r\nLe Projet de Transition Professionnelle vise \u00e0 accompagner toute d\u00e9marche de reconversion professionnelle. Ainsi, <strong>tous les projets professionnels conduisant \u00e0 l'obtention d'une certification<\/strong> ou d'une qualification reconnue par l'\u00c9tat peuvent \u00eatre financ\u00e9s dans le cadre de ce dispositif.\r\n\r\nVotre projet de transition professionnelle doit r\u00e9unir les trois crit\u00e8res suivants :\r\n<ul>\r\n \t<li>La <strong>coh\u00e9rence<\/strong> de votre projet (par rapport au profil, au parcours, \u00e0 la formation initiale du porteur du projet)<\/li>\r\n \t<li>La <strong>pertinence<\/strong> de la formation (choix de la formation, co\u00fbt, individualisation et personnalisation)<\/li>\r\n \t<li>Les <strong>perspectives d'emploi<\/strong> (d\u00e9bouch\u00e9s au niveau r\u00e9gional, notamment)<\/li>\r\n<\/ul>\r\n&nbsp;\r\n\r\n&nbsp;\r\n<h2>Comment faire la demande de Projet de Transition Professionnelle ?<\/h2>\r\n&nbsp;\r\n<h3>Quelles sont les \u00e9tapes pour faire sa demande de Projet de Transition Professionnelle ?<\/h3>\r\n<ol>\r\n \t<li><strong>Demande de cong\u00e9s aupr\u00e8s de votre employeur :<\/strong> Vous devez soumettre une demande d'autorisation d'absence \u00e0 votre employeur pour toute la p\u00e9riode de formation, par courrier avec accus\u00e9 de r\u00e9ception au moins 60 jours avant le d\u00e9but de la formation. Cette lettre doit pr\u00e9senter la dur\u00e9e, le co\u00fbt, et l'objectif de la formation envisag\u00e9e.<\/li>\r\n \t<li><strong>Cr\u00e9ation de votre espace Transition Pro :<\/strong> Inscrivez-vous sur <a href=\"https:\/\/www.transitionspro.fr\/contacts-en-region\/\" target=\"_blank\" rel=\"noopener\">la plateforme Transitions Pro<\/a> sp\u00e9cifique \u00e0 votre r\u00e9gion pour commencer le processus de demande.<\/li>\r\n \t<li><strong>Constitution de votre dossier :<\/strong> Vous devez justifier votre projet de reconversion avec un argumentaire d\u00e9taill\u00e9 et remplir votre partie du dossier en ligne. Il est recommand\u00e9 de <a href=\"https:\/\/mon-cep.org\/\" target=\"_blank\" rel=\"noopener\">solliciter un CEP<\/a> (Conseiller(\u00e8re) en \u00c9volution Professionnelle) pour appuyer son dossier.<\/li>\r\n \t<li><strong>Remplissage du dossier par l\u2019organisme de formation :<\/strong> L\u2019\u00e9quipe en charge du financement de l'organisme compl\u00e8te sa propre partie du dossier. Ce processus peut \u00eatre men\u00e9 en parall\u00e8le avec la partie de l'\u00e9tudiant(e).<\/li>\r\n \t<li><strong>Remplissage du dossier par l'employeur :<\/strong> Apr\u00e8s la validation des parties de l'\u00e9tudiant(e) et de l'organisme, l'employeur remplit sa propre partie du dossier. Une fois que l'employeur a valid\u00e9 sa contribution, le dossier est consid\u00e9r\u00e9 comme complet.<\/li>\r\n \t<li><strong>Examen par la commission :<\/strong> Dans les semaines suivantes (g\u00e9n\u00e9ralement entre 4 et 6 semaines), une commission examine le dossier pour \u00e9valuer sa pertinence et d\u00e9cider de l'accord ou du refus du financement de la formation.<\/li>\r\n<\/ol>\r\n&nbsp;\r\n<h3>Quels sont les d\u00e9lais \u00e0 respecter pour le Projet de Transition Professionnelle ?<\/h3>\r\nLes d\u00e9lais pour soumettre un dossier complet sont g\u00e9n\u00e9ralement de <strong>3 mois avant le d\u00e9but de la formation<\/strong>. Cependant, certaines r\u00e9gions telles que la <a href=\"https:\/\/www.transitionspro-na.fr\/\" target=\"_blank\" rel=\"noopener\">Nouvelle-Aquitaine<\/a> (4 mois) et l\u2019<a href=\"https:\/\/www.transitionspro-occitanie.fr\/\" target=\"_blank\" rel=\"noopener\">Occitanie<\/a> (6 mois) exigent des d\u00e9lais plus longs.\r\n\r\nIl est important de noter que le processus de constitution du dossier est assez long, comme expliqu\u00e9 dans le paragraphe pr\u00e9c\u00e9dent. Ainsi, nous vous recommandons d'<strong>initier vos d\u00e9marches au moins 5 mois avant le d\u00e9but de votre formation <\/strong>(et encore plus t\u00f4t si le d\u00e9lai de d\u00e9p\u00f4t est sup\u00e9rieur \u00e0 3 mois).\r\n\r\n&nbsp;\r\n\r\n&nbsp;\r\n\r\n<hr \/>\r\n\r\n&nbsp;\r\n\r\nLe Projet de Transition Professionnelle ouvre la voie \u00e0 <strong>une reconversion professionnelle sereine et r\u00e9ussie<\/strong>. En suivant les \u00e9tapes d\u00e9crites et en respectant les d\u00e9lais, vous maximiserez vos chances d'obtenir le financement n\u00e9cessaire pour concr\u00e9tiser votre projet de formation.\r\n\r\n&nbsp;\r\n\r\nQue vous souhaitiez vous former au d\u00e9veloppement web, \u00e0 la data, \u00e0 l\u2019IA, les formations du Wagon sont \u00e9ligibles au Projet de Transition Professionnelle et vous offrent des perspectives d'emploi prometteuses.\r\n\r\n<a href=\"https:\/\/www.lewagon.com\/fr\/apply\" target=\"_blank\" rel=\"noopener\">Postulez aujourd\u2019hui<\/a>, notre \u00e9quipe vous accompagne dans toutes vos d\u00e9marches administratives.\r\n\r\n&nbsp;\r\n\r\n<strong><span class=\"notion-enable-hover\" data-token-index=\"0\">Les options de financement et leurs conditions pouvant \u00e9voluer, <\/span><span style=\"color: #4d04c4;\"><a class=\"notion-link-token notion-focusable-token notion-enable-hover\" style=\"color: #4d04c4;\" tabindex=\"0\" href=\"https:\/\/www.lewagon.com\/fr\/france\/financing-options\" rel=\"noopener noreferrer\" data-token-index=\"1\"><span class=\"link-annotation-unknown-block-id--1969232264\">consultez notre page d\u00e9di\u00e9e<\/span><\/a><\/span><span class=\"notion-enable-hover\" data-token-index=\"2\"> pour acc\u00e9der aux informations les plus r\u00e9centes.<\/span><\/strong>","_contenu_de_larticle":"field_6412588b55814","titre_de_la_banniere":"","_titre_de_la_banniere":"field_6422eb732c237","paragraphe_de_la_banniere":"","_paragraphe_de_la_banniere":"field_6422ed834a968","intitule_du_bouton_de_la_banniere":"","_intitule_du_bouton_de_la_banniere":"field_6422ed934a969","lien_du_bouton_de_la_banniere":"","_lien_du_bouton_de_la_banniere":"field_6422eda54a96a","yoast_head":"<!-- This site is optimized with the Yoast SEO Premium plugin v27.3 (Yoast SEO v27.5) - https:\/\/yoast.com\/product\/yoast-seo-premium-wordpress\/ -->\n<title>Transition Pro - Qu\u2019est-ce que le Projet de Transition Professionnelle ? | Blog Le Wagon<\/title>\n<meta name=\"description\" content=\"Vous \u00eates en poste et vous souhaitez vous reconvertir ? D\u00e9couvrez Transition Pro, le financement sp\u00e9cial Projet de Transition Professionnelle.\" \/>\n<meta name=\"robots\" content=\"index, follow, max-snippet:-1, max-image-preview:large, max-video-preview:-1\" \/>\n<link rel=\"canonical\" href=\"https:\/\/blog.lewagon.com\/fr\/financement\/transition-pro-projet-de-transition-professionnelle\/\" \/>\n<meta property=\"og:locale\" content=\"fr_FR\" \/>\n<meta property=\"og:type\" content=\"article\" \/>\n<meta property=\"og:title\" content=\"Transition Pro - Qu\u2019est-ce que le Projet de Transition Professionnelle ?\" \/>\n<meta property=\"og:description\" content=\"Vous \u00eates en poste et vous souhaitez vous reconvertir ? D\u00e9couvrez Transition Pro, le financement sp\u00e9cial Projet de Transition Professionnelle.\" \/>\n<meta property=\"og:url\" content=\"https:\/\/blog.lewagon.com\/fr\/financement\/transition-pro-projet-de-transition-professionnelle\/\" \/>\n<meta property=\"og:site_name\" content=\"Blog Le Wagon\" \/>\n<meta property=\"article:published_time\" content=\"2024-05-28T16:01:17+00:00\" \/>\n<meta property=\"article:modified_time\" content=\"2026-02-03T17:20:11+00:00\" \/>\n<meta property=\"og:image\" content=\"https:\/\/blog.lewagon.com\/wp-content\/uploads\/2024\/05\/transition-pro.jpg\" \/>\n\t<meta property=\"og:image:width\" content=\"2048\" \/>\n\t<meta property=\"og:image:height\" content=\"1365\" \/>\n\t<meta property=\"og:image:type\" content=\"image\/jpeg\" \/>\n<meta name=\"author\" content=\"annamascolo\" \/>\n<meta name=\"twitter:card\" content=\"summary_large_image\" \/>\n<meta name=\"twitter:label1\" content=\"\u00c9crit par\" \/>\n\t<meta name=\"twitter:data1\" content=\"annamascolo\" \/>\n\t<meta name=\"twitter:label2\" content=\"Dur\u00e9e de lecture estim\u00e9e\" \/>\n\t<meta name=\"twitter:data2\" content=\"5 minutes\" \/>\n<script type=\"application\/ld+json\" class=\"yoast-schema-graph\">{\"@context\":\"https:\\\/\\\/schema.org\",\"@graph\":[{\"@type\":[\"Article\",\"BlogPosting\"],\"@id\":\"https:\\\/\\\/blog.lewagon.com\\\/fr\\\/financement\\\/transition-pro-projet-de-transition-professionnelle\\\/#article\",\"isPartOf\":{\"@id\":\"https:\\\/\\\/blog.lewagon.com\\\/fr\\\/financement\\\/transition-pro-projet-de-transition-professionnelle\\\/\"},\"author\":{\"name\":\"annamascolo\",\"@id\":\"https:\\\/\\\/blog.lewagon.com\\\/fr\\\/#\\\/schema\\\/person\\\/62b4253026d69f238d81b7af3ab6382e\"},\"headline\":\"Transition Pro &#8211; Qu\u2019est-ce que le Projet de Transition Professionnelle ?\",\"datePublished\":\"2024-05-28T16:01:17+00:00\",\"dateModified\":\"2026-02-03T17:20:11+00:00\",\"mainEntityOfPage\":{\"@id\":\"https:\\\/\\\/blog.lewagon.com\\\/fr\\\/financement\\\/transition-pro-projet-de-transition-professionnelle\\\/\"},\"wordCount\":11,\"publisher\":{\"@id\":\"https:\\\/\\\/blog.lewagon.com\\\/fr\\\/#organization\"},\"image\":{\"@id\":\"https:\\\/\\\/blog.lewagon.com\\\/fr\\\/financement\\\/transition-pro-projet-de-transition-professionnelle\\\/#primaryimage\"},\"thumbnailUrl\":\"https:\\\/\\\/i0.wp.com\\\/blog.lewagon.com\\\/wp-content\\\/uploads\\\/2024\\\/05\\\/transition-pro.jpg?fit=2048%2C1365&ssl=1\",\"articleSection\":[\"Financement\"],\"inLanguage\":\"fr-FR\"},{\"@type\":\"WebPage\",\"@id\":\"https:\\\/\\\/blog.lewagon.com\\\/fr\\\/financement\\\/transition-pro-projet-de-transition-professionnelle\\\/\",\"url\":\"https:\\\/\\\/blog.lewagon.com\\\/fr\\\/financement\\\/transition-pro-projet-de-transition-professionnelle\\\/\",\"name\":\"Transition Pro - Qu\u2019est-ce que le Projet de Transition Professionnelle ? | Blog Le Wagon\",\"isPartOf\":{\"@id\":\"https:\\\/\\\/blog.lewagon.com\\\/fr\\\/#website\"},\"primaryImageOfPage\":{\"@id\":\"https:\\\/\\\/blog.lewagon.com\\\/fr\\\/financement\\\/transition-pro-projet-de-transition-professionnelle\\\/#primaryimage\"},\"image\":{\"@id\":\"https:\\\/\\\/blog.lewagon.com\\\/fr\\\/financement\\\/transition-pro-projet-de-transition-professionnelle\\\/#primaryimage\"},\"thumbnailUrl\":\"https:\\\/\\\/i0.wp.com\\\/blog.lewagon.com\\\/wp-content\\\/uploads\\\/2024\\\/05\\\/transition-pro.jpg?fit=2048%2C1365&ssl=1\",\"datePublished\":\"2024-05-28T16:01:17+00:00\",\"dateModified\":\"2026-02-03T17:20:11+00:00\",\"description\":\"Vous \u00eates en poste et vous souhaitez vous reconvertir ? D\u00e9couvrez Transition Pro, le financement sp\u00e9cial Projet de Transition Professionnelle.\",\"breadcrumb\":{\"@id\":\"https:\\\/\\\/blog.lewagon.com\\\/fr\\\/financement\\\/transition-pro-projet-de-transition-professionnelle\\\/#breadcrumb\"},\"inLanguage\":\"fr-FR\",\"potentialAction\":[{\"@type\":\"ReadAction\",\"target\":[\"https:\\\/\\\/blog.lewagon.com\\\/fr\\\/financement\\\/transition-pro-projet-de-transition-professionnelle\\\/\"]}]},{\"@type\":\"ImageObject\",\"inLanguage\":\"fr-FR\",\"@id\":\"https:\\\/\\\/blog.lewagon.com\\\/fr\\\/financement\\\/transition-pro-projet-de-transition-professionnelle\\\/#primaryimage\",\"url\":\"https:\\\/\\\/i0.wp.com\\\/blog.lewagon.com\\\/wp-content\\\/uploads\\\/2024\\\/05\\\/transition-pro.jpg?fit=2048%2C1365&ssl=1\",\"contentUrl\":\"https:\\\/\\\/i0.wp.com\\\/blog.lewagon.com\\\/wp-content\\\/uploads\\\/2024\\\/05\\\/transition-pro.jpg?fit=2048%2C1365&ssl=1\",\"width\":2048,\"height\":1365,\"caption\":\"Projet de Transition Professionnelle\"},{\"@type\":\"BreadcrumbList\",\"@id\":\"https:\\\/\\\/blog.lewagon.com\\\/fr\\\/financement\\\/transition-pro-projet-de-transition-professionnelle\\\/#breadcrumb\",\"itemListElement\":[{\"@type\":\"ListItem\",\"position\":1,\"name\":\"Accueil\",\"item\":\"https:\\\/\\\/blog.lewagon.com\\\/fr\\\/\"},{\"@type\":\"ListItem\",\"position\":2,\"name\":\"Financement\",\"item\":\"https:\\\/\\\/blog.lewagon.com\\\/fr\\\/.\\\/financement\\\/\"},{\"@type\":\"ListItem\",\"position\":3,\"name\":\"Transition Pro &#8211; Qu\u2019est-ce que le Projet de Transition Professionnelle ?\"}]},{\"@type\":\"WebSite\",\"@id\":\"https:\\\/\\\/blog.lewagon.com\\\/fr\\\/#website\",\"url\":\"https:\\\/\\\/blog.lewagon.com\\\/fr\\\/\",\"name\":\"Le Wagon\",\"description\":\"\",\"publisher\":{\"@id\":\"https:\\\/\\\/blog.lewagon.com\\\/fr\\\/#organization\"},\"potentialAction\":[{\"@type\":\"SearchAction\",\"target\":{\"@type\":\"EntryPoint\",\"urlTemplate\":\"https:\\\/\\\/blog.lewagon.com\\\/fr\\\/?s={search_term_string}\"},\"query-input\":{\"@type\":\"PropertyValueSpecification\",\"valueRequired\":true,\"valueName\":\"search_term_string\"}}],\"inLanguage\":\"fr-FR\"},{\"@type\":\"Organization\",\"@id\":\"https:\\\/\\\/blog.lewagon.com\\\/fr\\\/#organization\",\"name\":\"Le Wagon\",\"url\":\"https:\\\/\\\/blog.lewagon.com\\\/fr\\\/\",\"logo\":{\"@type\":\"ImageObject\",\"inLanguage\":\"fr-FR\",\"@id\":\"https:\\\/\\\/blog.lewagon.com\\\/fr\\\/#\\\/schema\\\/logo\\\/image\\\/\",\"url\":\"https:\\\/\\\/blog.lewagon.com\\\/wp-content\\\/uploads\\\/2023\\\/02\\\/logo.svg\",\"contentUrl\":\"https:\\\/\\\/blog.lewagon.com\\\/wp-content\\\/uploads\\\/2023\\\/02\\\/logo.svg\",\"width\":172,\"height\":44,\"caption\":\"Le Wagon\"},\"image\":{\"@id\":\"https:\\\/\\\/blog.lewagon.com\\\/fr\\\/#\\\/schema\\\/logo\\\/image\\\/\"}},{\"@type\":\"Person\",\"@id\":\"https:\\\/\\\/blog.lewagon.com\\\/fr\\\/#\\\/schema\\\/person\\\/62b4253026d69f238d81b7af3ab6382e\",\"name\":\"annamascolo\",\"image\":{\"@type\":\"ImageObject\",\"inLanguage\":\"fr-FR\",\"@id\":\"https:\\\/\\\/secure.gravatar.com\\\/avatar\\\/56f6650e025bca7ca75c8f3eec896598032c71b4313d861f1cc344a645c0d0b3?s=96&d=mm&r=g\",\"url\":\"https:\\\/\\\/secure.gravatar.com\\\/avatar\\\/56f6650e025bca7ca75c8f3eec896598032c71b4313d861f1cc344a645c0d0b3?s=96&d=mm&r=g\",\"contentUrl\":\"https:\\\/\\\/secure.gravatar.com\\\/avatar\\\/56f6650e025bca7ca75c8f3eec896598032c71b4313d861f1cc344a645c0d0b3?s=96&d=mm&r=g\",\"caption\":\"annamascolo\"},\"url\":\"https:\\\/\\\/blog.lewagon.com\\\/fr\\\/author\\\/annamascolo\\\/\"}]}<\/script>\n<!-- \/ Yoast SEO Premium plugin. -->","yoast_head_json":{"title":"Transition Pro - Qu\u2019est-ce que le Projet de Transition Professionnelle ? | Blog Le Wagon","description":"Vous \u00eates en poste et vous souhaitez vous reconvertir ? D\u00e9couvrez Transition Pro, le financement sp\u00e9cial Projet de Transition Professionnelle.","robots":{"index":"index","follow":"follow","max-snippet":"max-snippet:-1","max-image-preview":"max-image-preview:large","max-video-preview":"max-video-preview:-1"},"canonical":"https:\/\/blog.lewagon.com\/fr\/financement\/transition-pro-projet-de-transition-professionnelle\/","og_locale":"fr_FR","og_type":"article","og_title":"Transition Pro - Qu\u2019est-ce que le Projet de Transition Professionnelle ?","og_description":"Vous \u00eates en poste et vous souhaitez vous reconvertir ? D\u00e9couvrez Transition Pro, le financement sp\u00e9cial Projet de Transition Professionnelle.","og_url":"https:\/\/blog.lewagon.com\/fr\/financement\/transition-pro-projet-de-transition-professionnelle\/","og_site_name":"Blog Le Wagon","article_published_time":"2024-05-28T16:01:17+00:00","article_modified_time":"2026-02-03T17:20:11+00:00","og_image":[{"width":2048,"height":1365,"url":"https:\/\/blog.lewagon.com\/wp-content\/uploads\/2024\/05\/transition-pro.jpg","type":"image\/jpeg"}],"author":"annamascolo","twitter_card":"summary_large_image","twitter_misc":{"\u00c9crit par":"annamascolo","Dur\u00e9e de lecture estim\u00e9e":"5 minutes"},"schema":{"@context":"https:\/\/schema.org","@graph":[{"@type":["Article","BlogPosting"],"@id":"https:\/\/blog.lewagon.com\/fr\/financement\/transition-pro-projet-de-transition-professionnelle\/#article","isPartOf":{"@id":"https:\/\/blog.lewagon.com\/fr\/financement\/transition-pro-projet-de-transition-professionnelle\/"},"author":{"name":"annamascolo","@id":"https:\/\/blog.lewagon.com\/fr\/#\/schema\/person\/62b4253026d69f238d81b7af3ab6382e"},"headline":"Transition Pro &#8211; Qu\u2019est-ce que le Projet de Transition Professionnelle ?","datePublished":"2024-05-28T16:01:17+00:00","dateModified":"2026-02-03T17:20:11+00:00","mainEntityOfPage":{"@id":"https:\/\/blog.lewagon.com\/fr\/financement\/transition-pro-projet-de-transition-professionnelle\/"},"wordCount":11,"publisher":{"@id":"https:\/\/blog.lewagon.com\/fr\/#organization"},"image":{"@id":"https:\/\/blog.lewagon.com\/fr\/financement\/transition-pro-projet-de-transition-professionnelle\/#primaryimage"},"thumbnailUrl":"https:\/\/i0.wp.com\/blog.lewagon.com\/wp-content\/uploads\/2024\/05\/transition-pro.jpg?fit=2048%2C1365&ssl=1","articleSection":["Financement"],"inLanguage":"fr-FR"},{"@type":"WebPage","@id":"https:\/\/blog.lewagon.com\/fr\/financement\/transition-pro-projet-de-transition-professionnelle\/","url":"https:\/\/blog.lewagon.com\/fr\/financement\/transition-pro-projet-de-transition-professionnelle\/","name":"Transition Pro - Qu\u2019est-ce que le Projet de Transition Professionnelle ? | Blog Le Wagon","isPartOf":{"@id":"https:\/\/blog.lewagon.com\/fr\/#website"},"primaryImageOfPage":{"@id":"https:\/\/blog.lewagon.com\/fr\/financement\/transition-pro-projet-de-transition-professionnelle\/#primaryimage"},"image":{"@id":"https:\/\/blog.lewagon.com\/fr\/financement\/transition-pro-projet-de-transition-professionnelle\/#primaryimage"},"thumbnailUrl":"https:\/\/i0.wp.com\/blog.lewagon.com\/wp-content\/uploads\/2024\/05\/transition-pro.jpg?fit=2048%2C1365&ssl=1","datePublished":"2024-05-28T16:01:17+00:00","dateModified":"2026-02-03T17:20:11+00:00","description":"Vous \u00eates en poste et vous souhaitez vous reconvertir ? D\u00e9couvrez Transition Pro, le financement sp\u00e9cial Projet de Transition Professionnelle.","breadcrumb":{"@id":"https:\/\/blog.lewagon.com\/fr\/financement\/transition-pro-projet-de-transition-professionnelle\/#breadcrumb"},"inLanguage":"fr-FR","potentialAction":[{"@type":"ReadAction","target":["https:\/\/blog.lewagon.com\/fr\/financement\/transition-pro-projet-de-transition-professionnelle\/"]}]},{"@type":"ImageObject","inLanguage":"fr-FR","@id":"https:\/\/blog.lewagon.com\/fr\/financement\/transition-pro-projet-de-transition-professionnelle\/#primaryimage","url":"https:\/\/i0.wp.com\/blog.lewagon.com\/wp-content\/uploads\/2024\/05\/transition-pro.jpg?fit=2048%2C1365&ssl=1","contentUrl":"https:\/\/i0.wp.com\/blog.lewagon.com\/wp-content\/uploads\/2024\/05\/transition-pro.jpg?fit=2048%2C1365&ssl=1","width":2048,"height":1365,"caption":"Projet de Transition Professionnelle"},{"@type":"BreadcrumbList","@id":"https:\/\/blog.lewagon.com\/fr\/financement\/transition-pro-projet-de-transition-professionnelle\/#breadcrumb","itemListElement":[{"@type":"ListItem","position":1,"name":"Accueil","item":"https:\/\/blog.lewagon.com\/fr\/"},{"@type":"ListItem","position":2,"name":"Financement","item":"https:\/\/blog.lewagon.com\/fr\/.\/financement\/"},{"@type":"ListItem","position":3,"name":"Transition Pro &#8211; Qu\u2019est-ce que le Projet de Transition Professionnelle ?"}]},{"@type":"WebSite","@id":"https:\/\/blog.lewagon.com\/fr\/#website","url":"https:\/\/blog.lewagon.com\/fr\/","name":"Le Wagon","description":"","publisher":{"@id":"https:\/\/blog.lewagon.com\/fr\/#organization"},"potentialAction":[{"@type":"SearchAction","target":{"@type":"EntryPoint","urlTemplate":"https:\/\/blog.lewagon.com\/fr\/?s={search_term_string}"},"query-input":{"@type":"PropertyValueSpecification","valueRequired":true,"valueName":"search_term_string"}}],"inLanguage":"fr-FR"},{"@type":"Organization","@id":"https:\/\/blog.lewagon.com\/fr\/#organization","name":"Le Wagon","url":"https:\/\/blog.lewagon.com\/fr\/","logo":{"@type":"ImageObject","inLanguage":"fr-FR","@id":"https:\/\/blog.lewagon.com\/fr\/#\/schema\/logo\/image\/","url":"https:\/\/blog.lewagon.com\/wp-content\/uploads\/2023\/02\/logo.svg","contentUrl":"https:\/\/blog.lewagon.com\/wp-content\/uploads\/2023\/02\/logo.svg","width":172,"height":44,"caption":"Le Wagon"},"image":{"@id":"https:\/\/blog.lewagon.com\/fr\/#\/schema\/logo\/image\/"}},{"@type":"Person","@id":"https:\/\/blog.lewagon.com\/fr\/#\/schema\/person\/62b4253026d69f238d81b7af3ab6382e","name":"annamascolo","image":{"@type":"ImageObject","inLanguage":"fr-FR","@id":"https:\/\/secure.gravatar.com\/avatar\/56f6650e025bca7ca75c8f3eec896598032c71b4313d861f1cc344a645c0d0b3?s=96&d=mm&r=g","url":"https:\/\/secure.gravatar.com\/avatar\/56f6650e025bca7ca75c8f3eec896598032c71b4313d861f1cc344a645c0d0b3?s=96&d=mm&r=g","contentUrl":"https:\/\/secure.gravatar.com\/avatar\/56f6650e025bca7ca75c8f3eec896598032c71b4313d861f1cc344a645c0d0b3?s=96&d=mm&r=g","caption":"annamascolo"},"url":"https:\/\/blog.lewagon.com\/fr\/author\/annamascolo\/"}]}},"jetpack_featured_media_url":"https:\/\/i0.wp.com\/blog.lewagon.com\/wp-content\/uploads\/2024\/05\/transition-pro.jpg?fit=2048%2C1365&ssl=1","jetpack_sharing_enabled":true,"_links":{"self":[{"href":"https:\/\/blog.lewagon.com\/fr\/wp-json\/wp\/v2\/posts\/230199","targetHints":{"allow":["GET"]}}],"collection":[{"href":"https:\/\/blog.lewagon.com\/fr\/wp-json\/wp\/v2\/posts"}],"about":[{"href":"https:\/\/blog.lewagon.com\/fr\/wp-json\/wp\/v2\/types\/post"}],"author":[{"embeddable":true,"href":"https:\/\/blog.lewagon.com\/fr\/wp-json\/wp\/v2\/users\/42"}],"replies":[{"embeddable":true,"href":"https:\/\/blog.lewagon.com\/fr\/wp-json\/wp\/v2\/comments?post=230199"}],"version-history":[{"count":7,"href":"https:\/\/blog.lewagon.com\/fr\/wp-json\/wp\/v2\/posts\/230199\/revisions"}],"predecessor-version":[{"id":236521,"href":"https:\/\/blog.lewagon.com\/fr\/wp-json\/wp\/v2\/posts\/230199\/revisions\/236521"}],"wp:featuredmedia":[{"embeddable":true,"href":"https:\/\/blog.lewagon.com\/fr\/wp-json\/wp\/v2\/media\/230206"}],"wp:attachment":[{"href":"https:\/\/blog.lewagon.com\/fr\/wp-json\/wp\/v2\/media?parent=230199"}],"wp:term":[{"taxonomy":"category","embeddable":true,"href":"https:\/\/blog.lewagon.com\/fr\/wp-json\/wp\/v2\/categories?post=230199"},{"taxonomy":"type_de_post","embeddable":true,"href":"https:\/\/blog.lewagon.com\/fr\/wp-json\/wp\/v2\/type_de_post?post=230199"},{"taxonomy":"post-format","embeddable":true,"href":"https:\/\/blog.lewagon.com\/fr\/wp-json\/wp\/v2\/post-format?post=230199"}],"curies":[{"name":"wp","href":"https:\/\/api.w.org\/{rel}","templated":true}]}}