{"id":230551,"date":"2024-07-03T18:43:46","date_gmt":"2024-07-03T16:43:46","guid":{"rendered":"https:\/\/blog.lewagon.com\/?p=230551"},"modified":"2026-02-03T18:17:47","modified_gmt":"2026-02-03T17:17:47","slug":"aif-aide-individuelle-de-formation-pole-emploi","status":"publish","type":"post","link":"https:\/\/blog.lewagon.com\/fr\/financement\/aif-aide-individuelle-de-formation-pole-emploi\/","title":{"rendered":"Qu\u2019est-ce que l\u2019AIF (Aide Individuelle de Formation) de France Travail ?"},"content":{"rendered":"","protected":false},"excerpt":{"rendered":"<p>D\u00e9couvrez comment l&rsquo;Aide Individuelle \u00e0 la Formation (AIF) de France Travail (ex P\u00f4le Emploi) peut vous aider \u00e0 financer votre formation et \u00e0 maximiser vos chances de retour \u00e0 l&#8217;emploi. Cet article vous guide \u00e0 travers les crit\u00e8res d\u2019\u00e9ligibilit\u00e9, les avantages et les \u00e9tapes pour b\u00e9n\u00e9ficier de cette pr\u00e9cieuse aide.<\/p>\n","protected":false},"author":42,"featured_media":230552,"comment_status":"closed","ping_status":"closed","sticky":false,"template":"","format":"standard","meta":{"_acf_changed":false,"inline_featured_image":false,"_jetpack_memberships_contains_paid_content":false,"footnotes":""},"categories":[25],"type_de_post":[5],"post-format":[175],"class_list":["post-230551","post","type-post","status-publish","format-standard","has-post-thumbnail","hentry","category-financement","tag-tech","type_de_post-avec-sommaire","post-format-post-fr"],"acf":[],"acfml_non_translatable_locations":null,"_wp_attached_file":null,"_wp_attachment_metadata":null,"wpml_media_processed":null,"_elementor_inline_svg":null,"_elementor_source_image_hash":null,"_wp_attachment_image_alt":null,"_msc":null,"_elementor_is_screenshot":null,"_wp_attachment_context":null,"_oembed_4f1dc266c1e5b199d2e3668569863d35":null,"_wp_attachment_backup_sizes":null,"description_courte_du_cours":null,"_description_courte_du_cours":null,"sujets":null,"_sujets":null,"niveau":null,"_niveau":null,"duree":null,"_duree":null,"lien_externe_du_cours":null,"_lien_externe_du_cours":null,"_g_feedback_shortcode_8e54bebc0966bf7f9290fee5ef5e57c8a8c597c6":null,"_g_feedback_shortcode_atts_8e54bebc0966bf7f9290fee5ef5e57c8a8c597c6":null,"elementor_font_files":null,"elementor_font_face":null,"_elementor_location":null,"_elementor_priority":null,"_elementor_code":null,"_elementor_extra_options":null,"date_de_levent":null,"_date_de_levent":null,"heure_de_debut_de_levent":null,"_heure_de_debut_de_levent":null,"heure_de_fin_de_levent":null,"_heure_de_fin_de_levent":null,"time_zone":null,"_time_zone":null,"description_de_levent":null,"_description_de_levent":null,"format_du_cours":null,"_format_du_cours":null,"pre-requis":null,"_pre-requis":null,"langue_de_levent":null,"_langue_de_levent":null,"lien_externe_de_levent":null,"_lien_externe_de_levent":null,"_yoast_wpseo_primary_tag_events":null,"lieu_de_levent":null,"_lieu_de_levent":null,"_menu_item_type":null,"_menu_item_menu_item_parent":null,"_menu_item_object_id":null,"_menu_item_object":null,"_menu_item_target":null,"_menu_item_classes":null,"_menu_item_xfn":null,"_menu_item_url":null,"_omapi_type":null,"_omapi_ids":null,"_omapi_enabled":null,"_yoast_wpseo_content_score":"30","_pll_strings_translations":null,"_yoast_wpseo_primary_post_tag":"159","_yoast_wpseo_primary_type_de_post":"5","_yoast_wpseo_primary_post-format":"175","_oembed_e607e81f61090d85eabdabc743a27470":null,"_oembed_196c62ccee9fda191cd6fa5f568ddc05":null,"_oembed_6b5f28c0de48cbf3a2ad766be5eb3b30":null,"_oembed_082c4292f4cd0dedc40ae746a899501c":null,"om_disable_all_campaigns":null,"wpil_sync_report3":null,"_yoast_wpseo_focuskw":"aif p\u00f4le emploi","_yoast_wpseo_linkdex":"76","_yoast_wpseo_opengraph-title":null,"_yoast_wpseo_opengraph-description":null,"_yoast_wpseo_twitter-title":null,"_yoast_wpseo_twitter-description":null,"wpil_links_inbound_internal_count":null,"wpil_links_inbound_internal_count_data":null,"wpil_links_outbound_internal_count":null,"wpil_links_outbound_internal_count_data":null,"wpil_links_outbound_external_count":null,"wpil_links_outbound_external_count_data":null,"wpil_sync_report2_time":null,"gnpub_modified_count":"6","_encloseme":"1","_jetpack_memberships_contains_paid_content":null,"_oembed_df252bc3f21e94e550790f0a26013d33":null,"_oembed_7c25793225e5877909b9566a95c01f07":null,"_oembed_time_7c25793225e5877909b9566a95c01f07":null,"_oembed_c035311b2d37111892bc6336ad75c1a7":null,"_oembed_time_c035311b2d37111892bc6336ad75c1a7":null,"_yoast_wpseo_focuskw_text_input":null,"_yoast_wpseo_opengraph-image":null,"_yoast_wpseo_twitter-image":null,"_bnitk_mfd_meta-robots-noindex":null,"_yoast_wpseo_meta-robots-noindex":null,"_bnitk_mfd_meta-robots-nofollow":null,"_yoast_wpseo_meta-robots-nofollow":null,"_oembed_9b38dff8e9475b390d223d1a13735d6e":null,"_oembed_09b03dce1da57707d8b400d6ead6cfea":null,"_oembed_time_09b03dce1da57707d8b400d6ead6cfea":null,"_oembed_761875ecd5d7c814e779a8a1669e3078":null,"_oembed_time_761875ecd5d7c814e779a8a1669e3078":null,"_oembed_60128998417fdcbaac97a635f5785efd":null,"_oembed_time_60128998417fdcbaac97a635f5785efd":null,"_oembed_bbc2c908fc7e611d82dce88119dc4350":null,"_oembed_time_bbc2c908fc7e611d82dce88119dc4350":null,"_oembed_5ada75a4373349f7b136423290505b3a":null,"_oembed_time_5ada75a4373349f7b136423290505b3a":null,"_oembed_086373a651e90a4eb1279fa1f945472c":null,"_oembed_time_086373a651e90a4eb1279fa1f945472c":null,"_wpml_post_translation_editor_native":null,"_oembed_5e24c29ce369f6b80c9eeec04f14665b":null,"_oembed_time_5e24c29ce369f6b80c9eeec04f14665b":null,"_oembed_8c3e7085f10b7c0fc5520e72277d797b":null,"_oembed_time_8c3e7085f10b7c0fc5520e72277d797b":null,"_oembed_1489782c3c8ef26605b6876b88f7bdda":null,"_oembed_time_1489782c3c8ef26605b6876b88f7bdda":null,"_oembed_0a3d659fc8de333aa903ab0b56018d23":null,"_oembed_time_0a3d659fc8de333aa903ab0b56018d23":null,"_oembed_d1585e059963c7dbe1909a198f64637b":null,"_oembed_da273c5e4d4993b38963204fa3018b68":null,"_oembed_time_da273c5e4d4993b38963204fa3018b68":null,"_oembed_a5e2c70342e4f17e48253b0a60b76258":null,"_oembed_time_a5e2c70342e4f17e48253b0a60b76258":null,"_oembed_83c8f84c43191797360817ecdc633650":null,"_oembed_time_83c8f84c43191797360817ecdc633650":null,"_oembed_e105b3463a1e23321ff3d1a9daf4ce77":null,"_oembed_1692f2329443bc1b18fc320e0d77cb4e":null,"_yoast_wpseo_schema_article_type":null,"_oembed_02bf1d274545a46fdad44828db802e9b":null,"_oembed_483efee027379bb1099137e135e60619":null,"_oembed_time_483efee027379bb1099137e135e60619":null,"_oembed_d9e3a2e55472c308a6d4f95f9859d57c":null,"_oembed_time_d9e3a2e55472c308a6d4f95f9859d57c":null,"_oembed_14a773041d4083fdc540105ccc635e1f":null,"_oembed_time_14a773041d4083fdc540105ccc635e1f":null,"_oembed_fd2c0295b311b878f43def139f693291":null,"_oembed_time_fd2c0295b311b878f43def139f693291":null,"_oembed_9e88339a75e081aa4aa002ac43b5917e":null,"_oembed_time_9e88339a75e081aa4aa002ac43b5917e":null,"_oembed_e58b2264fd34411178c5aead6e76fc0e":null,"_oembed_time_e58b2264fd34411178c5aead6e76fc0e":null,"_oembed_bddf29494cd341c273d2f25802785f3a":null,"_oembed_time_bddf29494cd341c273d2f25802785f3a":null,"_oembed_9fdc7ffbd7d1c456cb57323136bcf86d":null,"_oembed_time_9fdc7ffbd7d1c456cb57323136bcf86d":null,"_oembed_6882adf1f7ba34c40d8abda49c078862":null,"_oembed_time_6882adf1f7ba34c40d8abda49c078862":null,"_oembed_42ae0b6a999f98ed81c86edf9b80d360":null,"_oembed_time_42ae0b6a999f98ed81c86edf9b80d360":null,"_oembed_f4dcff6ba8f84f09cade790420ba4d80":null,"_oembed_time_f4dcff6ba8f84f09cade790420ba4d80":null,"_oembed_25071af9d5ecd73a9356fe5704bba4d8":null,"_oembed_time_25071af9d5ecd73a9356fe5704bba4d8":null,"_oembed_a86728f5efc0ca0642006bbb96f843cc":null,"_oembed_time_a86728f5efc0ca0642006bbb96f843cc":null,"_oembed_d7b5055b785ef8a0cf22c87d024bf2a4":null,"_oembed_time_d7b5055b785ef8a0cf22c87d024bf2a4":null,"_oembed_6a73e101cae7c3452b00a72cf0fc9b22":null,"_oembed_time_6a73e101cae7c3452b00a72cf0fc9b22":null,"_oembed_0aef478f0830cc2e857b9a150a7f763a":null,"_oembed_time_0aef478f0830cc2e857b9a150a7f763a":null,"_oembed_d1a3bdcdf10e4859560b01d910ad1120":null,"_oembed_time_d1a3bdcdf10e4859560b01d910ad1120":null,"_oembed_05ef2af36a31586761b7311d393d1df4":null,"_oembed_time_05ef2af36a31586761b7311d393d1df4":null,"_oembed_ed00fe1690bb2e86f1eb06acfe8a13e7":null,"_oembed_time_ed00fe1690bb2e86f1eb06acfe8a13e7":null,"_oembed_59ffcbf71f633752ca4f26b3b4a544c9":null,"_oembed_time_59ffcbf71f633752ca4f26b3b4a544c9":null,"_oembed_a7b688611478922544f14672fda18461":null,"_oembed_time_a7b688611478922544f14672fda18461":null,"_oembed_266f9a151e3a09eeee918af2d28fd24f":null,"_oembed_time_266f9a151e3a09eeee918af2d28fd24f":null,"_oembed_9f52726dd229470e47d40ff0c8aeb5f8":null,"_oembed_time_9f52726dd229470e47d40ff0c8aeb5f8":null,"_oembed_5547f713058fed19783e0533ce393a31":null,"_oembed_time_5547f713058fed19783e0533ce393a31":null,"_oembed_68ff8dd20e77e109ad084c2252ca040d":null,"_oembed_time_68ff8dd20e77e109ad084c2252ca040d":null,"_oembed_819f09a569080db91bf5dadda0a30d9f":null,"_oembed_time_819f09a569080db91bf5dadda0a30d9f":null,"_oembed_4fc081fbdf0afd05a624ba852a63e133":null,"_oembed_time_4fc081fbdf0afd05a624ba852a63e133":null,"_oembed_d66baf1301b99db8b19a0924319cf03e":null,"_oembed_time_d66baf1301b99db8b19a0924319cf03e":null,"_oembed_14a5f80e3eef4903e482b0ef3799659e":null,"_oembed_time_14a5f80e3eef4903e482b0ef3799659e":null,"_oembed_c24c715adb3853482526a794a5f3c3bb":null,"_oembed_time_c24c715adb3853482526a794a5f3c3bb":null,"_oembed_9c493e098be2852715cc990b6e6243f3":null,"_oembed_time_9c493e098be2852715cc990b6e6243f3":null,"_oembed_b60b7e3028d326711916099f54e986fa":null,"_oembed_time_b60b7e3028d326711916099f54e986fa":null,"_oembed_5283e19fcec44e632de8d436d46ec2f7":null,"_oembed_time_5283e19fcec44e632de8d436d46ec2f7":null,"_oembed_057692cb4479cf5c77363896a28db44f":null,"_oembed_time_057692cb4479cf5c77363896a28db44f":null,"_oembed_e8cb0f41d141fe5eb9d69fc32a98cd72":null,"_oembed_time_e8cb0f41d141fe5eb9d69fc32a98cd72":null,"_oembed_75dcbca80ec1829a77578390fae8fa56":null,"_oembed_time_75dcbca80ec1829a77578390fae8fa56":null,"_oembed_e49318dfeabd5f16d7967e2fcc746fbd":null,"_oembed_time_e49318dfeabd5f16d7967e2fcc746fbd":null,"_oembed_76116b03fe5a013341210d278021184b":null,"_oembed_time_76116b03fe5a013341210d278021184b":null,"_oembed_6c81e1c9b634b5066fb37aaccfd71053":null,"_oembed_time_6c81e1c9b634b5066fb37aaccfd71053":null,"_oembed_abbc1aa97e554f334c2ce25f0d883702":null,"_oembed_time_abbc1aa97e554f334c2ce25f0d883702":null,"_oembed_ba421363b36dd97c087665d5025396cf":null,"_oembed_time_ba421363b36dd97c087665d5025396cf":null,"_oembed_a98f236eb48eb9cd4ede7f319e9cfbc7":null,"_oembed_time_a98f236eb48eb9cd4ede7f319e9cfbc7":null,"_oembed_d61fec7d73397687995fec8d7bd9852f":null,"_oembed_time_d61fec7d73397687995fec8d7bd9852f":null,"_oembed_2e9e46a0176fe90e49cc5fff32ac6912":null,"_oembed_time_2e9e46a0176fe90e49cc5fff32ac6912":null,"_oembed_8a304f49b3aa1c3eec8d0b0577e05e3d":null,"_oembed_time_8a304f49b3aa1c3eec8d0b0577e05e3d":null,"_oembed_ad30824ca1e37cffdad2dbce46c4998a":null,"_oembed_time_ad30824ca1e37cffdad2dbce46c4998a":null,"_oembed_6c3dacc8273d4877c65378c1f324c9cc":null,"_oembed_time_6c3dacc8273d4877c65378c1f324c9cc":null,"_oembed_1d0e7d3c6d826ca1e56a24218abba6f2":null,"_oembed_time_1d0e7d3c6d826ca1e56a24218abba6f2":null,"_oembed_50929cd1300f7cdee57e6e5451afb186":null,"_oembed_time_50929cd1300f7cdee57e6e5451afb186":null,"_oembed_72dc139d079681a2c3d759a86af48ccc":null,"_oembed_time_72dc139d079681a2c3d759a86af48ccc":null,"_oembed_d359fdb1fa5da9e62dd3505937f46fb6":null,"_oembed_time_d359fdb1fa5da9e62dd3505937f46fb6":null,"_oembed_589d6065ccac39334963be5bd8656631":null,"_oembed_time_589d6065ccac39334963be5bd8656631":null,"_oembed_715be02b6ebadc1be6dd638a57d01eb7":null,"_oembed_time_715be02b6ebadc1be6dd638a57d01eb7":null,"_oembed_f5139a9df267d3aa532f5b56409c90b0":null,"_oembed_time_f5139a9df267d3aa532f5b56409c90b0":null,"_oembed_3d9a26be229b27005ca74596fb62cc08":null,"_oembed_time_3d9a26be229b27005ca74596fb62cc08":null,"_oembed_a7d6f0ce79de685fc6f7f4d447e15468":null,"_oembed_time_a7d6f0ce79de685fc6f7f4d447e15468":null,"_oembed_20849479e832b5312335e3086c5f972b":null,"_oembed_time_20849479e832b5312335e3086c5f972b":null,"_oembed_2be4d392f66846deb7624c1bf3bc293e":null,"_oembed_time_2be4d392f66846deb7624c1bf3bc293e":null,"_oembed_9bcf546ec292041d23df28a719840688":null,"_oembed_time_9bcf546ec292041d23df28a719840688":null,"_oembed_0858ffd7404bcd7d82896f942481fe63":null,"_oembed_time_0858ffd7404bcd7d82896f942481fe63":null,"_oembed_4a2dd0ecf082a7c7d82731c06a644799":null,"_oembed_time_4a2dd0ecf082a7c7d82731c06a644799":null,"_oembed_8a1e46bc730cb21c1085d157ae6fa8b6":null,"_oembed_time_8a1e46bc730cb21c1085d157ae6fa8b6":null,"_oembed_cae7deb931d75f809e459e912e71429a":null,"_oembed_time_cae7deb931d75f809e459e912e71429a":null,"_oembed_6fcb4f8ab72abccda75674f71a946f97":null,"_oembed_time_6fcb4f8ab72abccda75674f71a946f97":null,"_oembed_7f0bfd584f844117a64fe73d83b43245":null,"_oembed_time_7f0bfd584f844117a64fe73d83b43245":null,"_oembed_d0aea105cffdf6e004979cf1e4f51e96":null,"_oembed_time_d0aea105cffdf6e004979cf1e4f51e96":null,"_oembed_e53b85b8766b3dc91338f6c1b95a2541":null,"_oembed_time_e53b85b8766b3dc91338f6c1b95a2541":null,"_oembed_48832be87b763046d232c1f2b5ac5fb3":null,"_oembed_time_48832be87b763046d232c1f2b5ac5fb3":null,"_oembed_32a9a34fcf91c466be9a08e1dba3c84e":null,"_oembed_time_32a9a34fcf91c466be9a08e1dba3c84e":null,"_oembed_fb50b2dc07acfa2418f00cdc2ad4c4c2":null,"_oembed_time_fb50b2dc07acfa2418f00cdc2ad4c4c2":null,"_oembed_3089e1d62f944a73b38c996e49abd2fc":null,"_oembed_time_3089e1d62f944a73b38c996e49abd2fc":null,"_oembed_1ecc99e75cf5d001c8da4f4d600703a8":null,"_oembed_time_1ecc99e75cf5d001c8da4f4d600703a8":null,"_oembed_b9c03ca24b382c17966861d251dc3b8d":null,"_oembed_time_b9c03ca24b382c17966861d251dc3b8d":null,"_wp_trash_meta_status":null,"_wp_trash_meta_time":null,"_wp_desired_post_slug":null,"_oembed_031755ba22f2b639d88c78254a99ff39":null,"_oembed_time_031755ba22f2b639d88c78254a99ff39":null,"description_de_la_ressource":null,"_description_de_la_ressource":null,"titre_du_fichier":null,"_titre_du_fichier":null,"_edit_last":"3","_edit_lock":"1770139369:3","_wp_old_slug":null,"_top_nav_excluded":null,"_cms_nav_minihome":null,"inline_featured_image":null,"_yoast_wpseo_estimated-reading-time-minutes":"5","_yoast_wpseo_wordproof_timestamp":null,"_wpml_media_duplicate":"1","_thumbnail_id":"230552","_wpml_media_featured":"1","_wpml_word_count":"70","_last_translation_edit_mode":null,"_last_editor_used_jetpack":null,"_elementor_edit_mode":null,"_elementor_template_type":null,"_wp_page_template":"default","_elementor_page_settings":null,"_elementor_data":null,"_elementor_page_assets":[],"_elementor_version":null,"_elementor_pro_version":null,"_elementor_elements_default_values":null,"_elementor_css":null,"_elementor_source":null,"_elementor_conditions":null,"_wpml_location_migration_done":null,"_elementor_controls_usage":null,"_elementor_screenshot_failed":null,"_elementor_screenshot":null,"_elementor_popup_display_settings":null,"_yoast_wpseo_primary_category":25,"_wp_old_date":null,"_elementor_template_widget_type":null,"_icl_lang_duplicate_of":null,"_yoast_wpseo_metadesc":"Tout savoir de l\u2019AIF, l'Aide Individuelle \u00e0 la Formation de France Travail (ex P\u00f4le Emploi) : crit\u00e8res d\u2019\u00e9ligibilit\u00e9, avantages, et \u00e9tapes pour en b\u00e9n\u00e9ficier.","_yoast_wpseo_title":null,"contenu_de_larticle":"Lorsque vous \u00eates demandeur d\u2019emploi, il est essentiel de continuer \u00e0 d\u00e9velopper vos comp\u00e9tences et d'acqu\u00e9rir de nouvelles qualifications pour maximiser vos chances de retour \u00e0 l\u2019emploi. <a href=\"https:\/\/www.francetravail.fr\/candidat\/en-formation\/mes-aides-financieres\/laide-individuelle-a-la-formatio.html\" target=\"_blank\" rel=\"noopener\">L\u2019Aide Individuelle \u00e0 la Formation (AIF) de France Travail<\/a> (ex P\u00f4le Emploi) est un dispositif pr\u00e9cieux qui peut vous soutenir dans cette d\u00e9marche. Mais en quoi consiste exactement cette aide et comment pouvez-vous en b\u00e9n\u00e9ficier ? Cet article fait le point sur tout ce que vous devez savoir sur l\u2019AIF.\r\n\r\n&nbsp;\r\n<h2>L\u2019AIF, c\u2019est quoi ?<\/h2>\r\nL\u2019AIF est une aide financi\u00e8re accord\u00e9e par France Travail (ex P\u00f4le Emploi) pour permettre aux demandeurs d\u2019emploi de suivre une formation. Cette aide peut couvrir tout ou partie des frais p\u00e9dagogiques li\u00e9s \u00e0 la formation, offrant ainsi une opportunit\u00e9 de se reconvertir, de se sp\u00e9cialiser ou simplement de renforcer ses comp\u00e9tences professionnelles.\r\n\r\nL\u2019objectif principal de l\u2019<a href=\"https:\/\/www.francetravail.fr\/candidat\/en-formation\/mes-aides-financieres\/laide-individuelle-a-la-formatio.html\" target=\"_blank\" rel=\"noopener\">AIF<\/a> est de faciliter l\u2019acc\u00e8s \u00e0 des formations adapt\u00e9es aux besoins du march\u00e9 du travail, en tenant compte des projets professionnels des demandeurs d\u2019emploi. Que vous souhaitiez acqu\u00e9rir de nouvelles comp\u00e9tences techniques, vous perfectionner dans votre domaine actuel ou vous reconvertir vers un autre secteur, l\u2019AIF peut \u00eatre une solution adapt\u00e9e pour vous.\r\n\r\nLes formations \u00e9ligibles \u00e0 l\u2019AIF doivent \u00eatre en ad\u00e9quation avec les besoins du march\u00e9 du travail et r\u00e9pondre \u00e0 des crit\u00e8res de qualit\u00e9 d\u00e9finis par France Travail. Il est donc recommand\u00e9 de choisir une formation reconnue et dispens\u00e9e par un organisme de formation agr\u00e9\u00e9.\r\n\r\nPour en savoir plus sur les formations \u00e9ligibles et les crit\u00e8res d\u2019\u00e9ligibilit\u00e9, vous pouvez consulter le site officiel de <a href=\"https:\/\/www.francetravail.fr\/candidat\/en-formation\/mes-aides-financieres\/laide-individuelle-a-la-formatio.html\" target=\"_blank\" rel=\"noopener\">France Travail<\/a>.\r\n\r\n&nbsp;\r\n<h2>\u00c0 qui s\u2019adresse l\u2019AIF ?<\/h2>\r\nL\u2019AIF est destin\u00e9e principalement aux demandeurs d\u2019emploi inscrits \u00e0 France Travail (ex P\u00f4le Emploi). Toutefois, les personnes en Contrat de S\u00e9curisation Professionnelle (CSP) ou en Projet Personnalis\u00e9 d'Acc\u00e8s \u00e0 l'Emploi (PPAE) peuvent \u00e9galement en b\u00e9n\u00e9ficier. Il est important de noter que l\u2019\u00e9ligibilit\u00e9 \u00e0 cette aide d\u00e9pend de plusieurs crit\u00e8res, notamment le caract\u00e8re adapt\u00e9 de la formation aux besoins du march\u00e9 du travail et au projet professionnel du demandeur.\r\n\r\n<strong>Pour \u00eatre \u00e9ligible \u00e0 l\u2019AIF, le ou la demandeur(se) d\u2019emploi doit :<\/strong>\r\n<ol>\r\n \t<li>\u00catre inscrit(e) \u00e0 France Travail.<\/li>\r\n \t<li>Avoir un projet professionnel valid\u00e9 par un conseiller France Travail.<\/li>\r\n \t<li>Choisir une formation en ad\u00e9quation avec son projet professionnel et les besoins du march\u00e9 du travail. <a href=\"https:\/\/lewagon.typeform.com\/to\/sz2nev3F?_gl=1*1g38zl2*_gcl_au*MTg2MzUwNTE0OC4xNzE5ODIzNTM1*_ga*MTA4NTM1NzUwNS4xNjk2MjU2ODI3*_ga_FQW4ZHWZ5Z*MTcyMDAyMTc2NC43MjMuMS4xNzIwMDI0ODE5LjIwLjAuMA..&amp;typeform-source=www.lewagon.com\" target=\"_blank\" rel=\"noopener\">D\u00e9couvrez quelle formation tech est faite pour vous gr\u00e2ce \u00e0 notre quizz<\/a>.<\/li>\r\n \t<li>Obtenir l\u2019accord de France Travail sur la prise en charge financi\u00e8re de la formation.<\/li>\r\n<\/ol>\r\nLes demandeurs d\u2019emploi en CSP ou b\u00e9n\u00e9ficiant du PPAE peuvent \u00e9galement faire une demande d\u2019AIF. Pour ces publics, l\u2019AIF repr\u00e9sente une opportunit\u00e9 de se former rapidement et de retrouver un emploi durable. Pour v\u00e9rifier votre \u00e9ligibilit\u00e9 et entamer les d\u00e9marches, vous pouvez vous rendre sur la page d\u00e9di\u00e9e \u00e0 l\u2019AIF sur le site de <a href=\"https:\/\/www.francetravail.fr\/candidat\/en-formation\/mes-aides-financieres\/laide-individuelle-a-la-formatio.html\" target=\"_blank\" rel=\"noopener\">France Travail<\/a>.\r\n\r\n&nbsp;\r\n<h2>Les avantages de l\u2019AIF<\/h2>\r\n<ul>\r\n \t<li><strong>Acc\u00e8s \u00e0 des formations qualifiantes<\/strong> : L\u2019AIF permet de suivre des formations reconnues et adapt\u00e9es aux besoins du march\u00e9 du travail, augmentant ainsi vos chances de trouver un emploi.<\/li>\r\n \t<li><strong>Prise en charge des frais p\u00e9dagogiques<\/strong> : La prise en charge partielle ou totale des frais de formation permet de lever un frein financier souvent significatif.<\/li>\r\n \t<li><strong>Accompagnement personnalis\u00e9<\/strong> : France Travail vous accompagne dans la d\u00e9finition de votre projet professionnel et dans le choix de la formation la plus appropri\u00e9e.<\/li>\r\n<\/ul>\r\n&nbsp;\r\n<h2>Comment b\u00e9n\u00e9ficier de l\u2019AIF ?<\/h2>\r\nPour b\u00e9n\u00e9ficier de l\u2019AIF, voici les \u00e9tapes \u00e0 suivre :\r\n<ol>\r\n \t<li><strong>Identifier une formation<\/strong> : Choisissez une formation adapt\u00e9e \u00e0 votre projet professionnel et aux besoins du march\u00e9 du travail. Vous pouvez vous faire accompagner par votre conseiller France Travail pour cette \u00e9tape.<\/li>\r\n \t<li><strong>Monter un dossier de demande<\/strong> : Avec l\u2019aide de votre conseiller France Travail, constituez un dossier de demande d\u2019AIF. Ce dossier devra inclure des informations sur la formation, son co\u00fbt, sa dur\u00e9e, et son ad\u00e9quation avec votre projet professionnel.<\/li>\r\n \t<li><strong>Soumettre votre demande<\/strong> : D\u00e9posez votre dossier aupr\u00e8s de France Travail. Votre conseiller vous guidera \u00e0 travers ce processus. Pour plus de d\u00e9tails sur cette \u00e9tape, vous pouvez consulter notre article d\u00e9taill\u00e9 sur le sujet <a href=\"https:\/\/blog.lewagon.com\/fr\/career\/debloquer-financement-pole-emploi-france-travail\/\" target=\"_blank\" rel=\"noopener\">ici<\/a>.<\/li>\r\n \t<li><strong>Attendre la r\u00e9ponse<\/strong> : France Travail examine votre demande et vous informe de sa d\u00e9cision. Si votre demande est accept\u00e9e, France Travail prend en charge tout ou partie des frais de formation.<\/li>\r\n<\/ol>\r\n&nbsp;\r\n<h2>Quelques conseils pour maximiser vos chances<\/h2>\r\n<ul>\r\n \t<li><strong>Pr\u00e9parez un projet solide<\/strong> : Un projet professionnel bien d\u00e9fini et coh\u00e9rent avec votre formation augmentera vos chances d\u2019obtenir l\u2019AIF.<\/li>\r\n \t<li><strong>Montrez la pertinence de la formation<\/strong> : Justifiez en quoi la formation choisie est pertinente pour votre retour \u00e0 l\u2019emploi. Une enqu\u00eate m\u00e9tier (des rencontres avec des professionnels, etc.) est r\u00e9guli\u00e8rement demand\u00e9e pour prouver le choix de la formation.<!-- --> <!-- notionvc: fbcef02e-ec26-480a-b293-0fa375072efd --> <!-- --> <!-- notionvc: d8c1cbba-f8c7-4c0b-b020-390a7d76dd22 -->\r\n<!-- --> <!-- notionvc: 8f1cc9a8-9055-4be0-809d-cdb59be42ba8 --><\/li>\r\n \t<li><strong>Soyez proactifs<\/strong> : Ne tardez pas \u00e0 soumettre votre demande, car les fonds disponibles pour l\u2019AIF peuvent \u00eatre limit\u00e9s.<\/li>\r\n \t<li><strong>Une promesse d\u2019embauche<\/strong> peut aussi aider \u00e0 justifier aupr\u00e8s de France Travail des possibilit\u00e9s de retour \u00e0 l\u2019emploi<\/li>\r\n<\/ul>\r\n&nbsp;\r\n\r\n&nbsp;\r\n<h2>Conclusion<\/h2>\r\nL\u2019Aide Individuelle \u00e0 la Formation de France Travail (ex P\u00f4le Emploi) est une opportunit\u00e9 pr\u00e9cieuse pour les demandeurs d\u2019emploi souhaitant am\u00e9liorer leurs comp\u00e9tences et augmenter leurs chances de trouver un emploi. En comprenant les crit\u00e8res d\u2019\u00e9ligibilit\u00e9 et en suivant les \u00e9tapes n\u00e9cessaires, vous pouvez b\u00e9n\u00e9ficier de ce soutien financier pour vous former et avancer dans votre carri\u00e8re professionnelle. Si vous avez un projet de formation en t\u00eate, n\u2019h\u00e9sitez pas \u00e0 en parler \u00e0 votre conseiller France Travail d\u00e8s aujourd\u2019hui !\r\n\r\n&nbsp;\r\n\r\n<hr \/>\r\n\r\n&nbsp;\r\n\r\nAu Wagon, nous sommes convaincus de l'importance de la formation continue. Nos programmes de formation en d\u00e9veloppement web et en data science sont \u00e9ligibles \u00e0 l'AIF, offrant ainsi une opportunit\u00e9 suppl\u00e9mentaire de vous lancer dans une carri\u00e8re passionnante et en pleine croissance. D\u00e9couvrez nos formations sur <a href=\"https:\/\/www.lewagon.com\/fr\/\" target=\"_blank\" rel=\"noopener\">notre site<\/a> et donnez un nouvel \u00e9lan \u00e0 votre parcours professionnel !\r\n\r\n&nbsp;\r\n\r\n<strong><span class=\"notion-enable-hover\" data-token-index=\"0\">Les options de financement et leurs conditions pouvant \u00e9voluer, <\/span><span style=\"color: #4d04c4;\"><a class=\"notion-link-token notion-focusable-token notion-enable-hover\" style=\"color: #4d04c4;\" tabindex=\"0\" href=\"https:\/\/www.lewagon.com\/fr\/france\/financing-options\" rel=\"noopener noreferrer\" data-token-index=\"1\"><span class=\"link-annotation-unknown-block-id--1969232264\">consultez notre page d\u00e9di\u00e9e<\/span><\/a><\/span><span class=\"notion-enable-hover\" data-token-index=\"2\"> pour acc\u00e9der aux informations les plus r\u00e9centes.<\/span><\/strong>","_contenu_de_larticle":"field_6412588b55814","titre_de_la_banniere":"","_titre_de_la_banniere":"field_6422eb732c237","paragraphe_de_la_banniere":"","_paragraphe_de_la_banniere":"field_6422ed834a968","intitule_du_bouton_de_la_banniere":"","_intitule_du_bouton_de_la_banniere":"field_6422ed934a969","lien_du_bouton_de_la_banniere":"","_lien_du_bouton_de_la_banniere":"field_6422eda54a96a","yoast_head":"<!-- This site is optimized with the Yoast SEO Premium plugin v27.3 (Yoast SEO v27.5) - https:\/\/yoast.com\/product\/yoast-seo-premium-wordpress\/ -->\n<title>Qu\u2019est-ce que l\u2019AIF (Aide Individuelle de Formation) de France Travail ? | Blog Le Wagon<\/title>\n<meta name=\"description\" content=\"Tout savoir de l\u2019AIF, l&#039;Aide Individuelle \u00e0 la Formation de France Travail (ex P\u00f4le Emploi) : crit\u00e8res d\u2019\u00e9ligibilit\u00e9, avantages, et \u00e9tapes pour en b\u00e9n\u00e9ficier.\" \/>\n<meta name=\"robots\" content=\"index, follow, max-snippet:-1, max-image-preview:large, max-video-preview:-1\" \/>\n<link rel=\"canonical\" href=\"https:\/\/blog.lewagon.com\/fr\/financement\/aif-aide-individuelle-de-formation-pole-emploi\/\" \/>\n<meta property=\"og:locale\" content=\"fr_FR\" \/>\n<meta property=\"og:type\" content=\"article\" \/>\n<meta property=\"og:title\" content=\"Qu\u2019est-ce que l\u2019AIF (Aide Individuelle de Formation) de France Travail ?\" \/>\n<meta property=\"og:description\" content=\"Tout savoir de l\u2019AIF, l&#039;Aide Individuelle \u00e0 la Formation de France Travail (ex P\u00f4le Emploi) : crit\u00e8res d\u2019\u00e9ligibilit\u00e9, avantages, et \u00e9tapes pour en b\u00e9n\u00e9ficier.\" \/>\n<meta property=\"og:url\" content=\"https:\/\/blog.lewagon.com\/fr\/financement\/aif-aide-individuelle-de-formation-pole-emploi\/\" \/>\n<meta property=\"og:site_name\" content=\"Blog Le Wagon\" \/>\n<meta property=\"article:published_time\" content=\"2024-07-03T16:43:46+00:00\" \/>\n<meta property=\"article:modified_time\" content=\"2026-02-03T17:17:47+00:00\" \/>\n<meta property=\"og:image\" content=\"https:\/\/blog.lewagon.com\/wp-content\/uploads\/2024\/07\/aif-pole-emploi-financement.jpg\" \/>\n\t<meta property=\"og:image:width\" content=\"2048\" \/>\n\t<meta property=\"og:image:height\" content=\"1365\" \/>\n\t<meta property=\"og:image:type\" content=\"image\/jpeg\" \/>\n<meta name=\"author\" content=\"annamascolo\" \/>\n<meta name=\"twitter:card\" content=\"summary_large_image\" \/>\n<meta name=\"twitter:label1\" content=\"\u00c9crit par\" \/>\n\t<meta name=\"twitter:data1\" content=\"annamascolo\" \/>\n\t<meta name=\"twitter:label2\" content=\"Dur\u00e9e de lecture estim\u00e9e\" \/>\n\t<meta name=\"twitter:data2\" content=\"5 minutes\" \/>\n<script type=\"application\/ld+json\" class=\"yoast-schema-graph\">{\"@context\":\"https:\\\/\\\/schema.org\",\"@graph\":[{\"@type\":[\"Article\",\"BlogPosting\"],\"@id\":\"https:\\\/\\\/blog.lewagon.com\\\/fr\\\/financement\\\/aif-aide-individuelle-de-formation-pole-emploi\\\/#article\",\"isPartOf\":{\"@id\":\"https:\\\/\\\/blog.lewagon.com\\\/fr\\\/financement\\\/aif-aide-individuelle-de-formation-pole-emploi\\\/\"},\"author\":{\"name\":\"annamascolo\",\"@id\":\"https:\\\/\\\/blog.lewagon.com\\\/fr\\\/#\\\/schema\\\/person\\\/62b4253026d69f238d81b7af3ab6382e\"},\"headline\":\"Qu\u2019est-ce que l\u2019AIF (Aide Individuelle de Formation) de France Travail ?\",\"datePublished\":\"2024-07-03T16:43:46+00:00\",\"dateModified\":\"2026-02-03T17:17:47+00:00\",\"mainEntityOfPage\":{\"@id\":\"https:\\\/\\\/blog.lewagon.com\\\/fr\\\/financement\\\/aif-aide-individuelle-de-formation-pole-emploi\\\/\"},\"wordCount\":12,\"publisher\":{\"@id\":\"https:\\\/\\\/blog.lewagon.com\\\/fr\\\/#organization\"},\"image\":{\"@id\":\"https:\\\/\\\/blog.lewagon.com\\\/fr\\\/financement\\\/aif-aide-individuelle-de-formation-pole-emploi\\\/#primaryimage\"},\"thumbnailUrl\":\"https:\\\/\\\/i0.wp.com\\\/blog.lewagon.com\\\/wp-content\\\/uploads\\\/2024\\\/07\\\/aif-pole-emploi-financement.jpg?fit=2048%2C1365&ssl=1\",\"keywords\":[\"Tech\"],\"articleSection\":[\"Financement\"],\"inLanguage\":\"fr-FR\"},{\"@type\":\"WebPage\",\"@id\":\"https:\\\/\\\/blog.lewagon.com\\\/fr\\\/financement\\\/aif-aide-individuelle-de-formation-pole-emploi\\\/\",\"url\":\"https:\\\/\\\/blog.lewagon.com\\\/fr\\\/financement\\\/aif-aide-individuelle-de-formation-pole-emploi\\\/\",\"name\":\"Qu\u2019est-ce que l\u2019AIF (Aide Individuelle de Formation) de France Travail ? | Blog Le Wagon\",\"isPartOf\":{\"@id\":\"https:\\\/\\\/blog.lewagon.com\\\/fr\\\/#website\"},\"primaryImageOfPage\":{\"@id\":\"https:\\\/\\\/blog.lewagon.com\\\/fr\\\/financement\\\/aif-aide-individuelle-de-formation-pole-emploi\\\/#primaryimage\"},\"image\":{\"@id\":\"https:\\\/\\\/blog.lewagon.com\\\/fr\\\/financement\\\/aif-aide-individuelle-de-formation-pole-emploi\\\/#primaryimage\"},\"thumbnailUrl\":\"https:\\\/\\\/i0.wp.com\\\/blog.lewagon.com\\\/wp-content\\\/uploads\\\/2024\\\/07\\\/aif-pole-emploi-financement.jpg?fit=2048%2C1365&ssl=1\",\"datePublished\":\"2024-07-03T16:43:46+00:00\",\"dateModified\":\"2026-02-03T17:17:47+00:00\",\"description\":\"Tout savoir de l\u2019AIF, l'Aide Individuelle \u00e0 la Formation de France Travail (ex P\u00f4le Emploi) : crit\u00e8res d\u2019\u00e9ligibilit\u00e9, avantages, et \u00e9tapes pour en b\u00e9n\u00e9ficier.\",\"breadcrumb\":{\"@id\":\"https:\\\/\\\/blog.lewagon.com\\\/fr\\\/financement\\\/aif-aide-individuelle-de-formation-pole-emploi\\\/#breadcrumb\"},\"inLanguage\":\"fr-FR\",\"potentialAction\":[{\"@type\":\"ReadAction\",\"target\":[\"https:\\\/\\\/blog.lewagon.com\\\/fr\\\/financement\\\/aif-aide-individuelle-de-formation-pole-emploi\\\/\"]}]},{\"@type\":\"ImageObject\",\"inLanguage\":\"fr-FR\",\"@id\":\"https:\\\/\\\/blog.lewagon.com\\\/fr\\\/financement\\\/aif-aide-individuelle-de-formation-pole-emploi\\\/#primaryimage\",\"url\":\"https:\\\/\\\/i0.wp.com\\\/blog.lewagon.com\\\/wp-content\\\/uploads\\\/2024\\\/07\\\/aif-pole-emploi-financement.jpg?fit=2048%2C1365&ssl=1\",\"contentUrl\":\"https:\\\/\\\/i0.wp.com\\\/blog.lewagon.com\\\/wp-content\\\/uploads\\\/2024\\\/07\\\/aif-pole-emploi-financement.jpg?fit=2048%2C1365&ssl=1\",\"width\":2048,\"height\":1365,\"caption\":\"aif\"},{\"@type\":\"BreadcrumbList\",\"@id\":\"https:\\\/\\\/blog.lewagon.com\\\/fr\\\/financement\\\/aif-aide-individuelle-de-formation-pole-emploi\\\/#breadcrumb\",\"itemListElement\":[{\"@type\":\"ListItem\",\"position\":1,\"name\":\"Accueil\",\"item\":\"https:\\\/\\\/blog.lewagon.com\\\/fr\\\/\"},{\"@type\":\"ListItem\",\"position\":2,\"name\":\"Financement\",\"item\":\"https:\\\/\\\/blog.lewagon.com\\\/fr\\\/.\\\/financement\\\/\"},{\"@type\":\"ListItem\",\"position\":3,\"name\":\"Qu\u2019est-ce que l\u2019AIF (Aide Individuelle de Formation) de France Travail ?\"}]},{\"@type\":\"WebSite\",\"@id\":\"https:\\\/\\\/blog.lewagon.com\\\/fr\\\/#website\",\"url\":\"https:\\\/\\\/blog.lewagon.com\\\/fr\\\/\",\"name\":\"Le Wagon\",\"description\":\"\",\"publisher\":{\"@id\":\"https:\\\/\\\/blog.lewagon.com\\\/fr\\\/#organization\"},\"potentialAction\":[{\"@type\":\"SearchAction\",\"target\":{\"@type\":\"EntryPoint\",\"urlTemplate\":\"https:\\\/\\\/blog.lewagon.com\\\/fr\\\/?s={search_term_string}\"},\"query-input\":{\"@type\":\"PropertyValueSpecification\",\"valueRequired\":true,\"valueName\":\"search_term_string\"}}],\"inLanguage\":\"fr-FR\"},{\"@type\":\"Organization\",\"@id\":\"https:\\\/\\\/blog.lewagon.com\\\/fr\\\/#organization\",\"name\":\"Le Wagon\",\"url\":\"https:\\\/\\\/blog.lewagon.com\\\/fr\\\/\",\"logo\":{\"@type\":\"ImageObject\",\"inLanguage\":\"fr-FR\",\"@id\":\"https:\\\/\\\/blog.lewagon.com\\\/fr\\\/#\\\/schema\\\/logo\\\/image\\\/\",\"url\":\"https:\\\/\\\/blog.lewagon.com\\\/wp-content\\\/uploads\\\/2023\\\/02\\\/logo.svg\",\"contentUrl\":\"https:\\\/\\\/blog.lewagon.com\\\/wp-content\\\/uploads\\\/2023\\\/02\\\/logo.svg\",\"width\":172,\"height\":44,\"caption\":\"Le Wagon\"},\"image\":{\"@id\":\"https:\\\/\\\/blog.lewagon.com\\\/fr\\\/#\\\/schema\\\/logo\\\/image\\\/\"}},{\"@type\":\"Person\",\"@id\":\"https:\\\/\\\/blog.lewagon.com\\\/fr\\\/#\\\/schema\\\/person\\\/62b4253026d69f238d81b7af3ab6382e\",\"name\":\"annamascolo\",\"image\":{\"@type\":\"ImageObject\",\"inLanguage\":\"fr-FR\",\"@id\":\"https:\\\/\\\/secure.gravatar.com\\\/avatar\\\/56f6650e025bca7ca75c8f3eec896598032c71b4313d861f1cc344a645c0d0b3?s=96&d=mm&r=g\",\"url\":\"https:\\\/\\\/secure.gravatar.com\\\/avatar\\\/56f6650e025bca7ca75c8f3eec896598032c71b4313d861f1cc344a645c0d0b3?s=96&d=mm&r=g\",\"contentUrl\":\"https:\\\/\\\/secure.gravatar.com\\\/avatar\\\/56f6650e025bca7ca75c8f3eec896598032c71b4313d861f1cc344a645c0d0b3?s=96&d=mm&r=g\",\"caption\":\"annamascolo\"},\"url\":\"https:\\\/\\\/blog.lewagon.com\\\/fr\\\/author\\\/annamascolo\\\/\"}]}<\/script>\n<!-- \/ Yoast SEO Premium plugin. -->","yoast_head_json":{"title":"Qu\u2019est-ce que l\u2019AIF (Aide Individuelle de Formation) de France Travail ? | Blog Le Wagon","description":"Tout savoir de l\u2019AIF, l'Aide Individuelle \u00e0 la Formation de France Travail (ex P\u00f4le Emploi) : crit\u00e8res d\u2019\u00e9ligibilit\u00e9, avantages, et \u00e9tapes pour en b\u00e9n\u00e9ficier.","robots":{"index":"index","follow":"follow","max-snippet":"max-snippet:-1","max-image-preview":"max-image-preview:large","max-video-preview":"max-video-preview:-1"},"canonical":"https:\/\/blog.lewagon.com\/fr\/financement\/aif-aide-individuelle-de-formation-pole-emploi\/","og_locale":"fr_FR","og_type":"article","og_title":"Qu\u2019est-ce que l\u2019AIF (Aide Individuelle de Formation) de France Travail ?","og_description":"Tout savoir de l\u2019AIF, l'Aide Individuelle \u00e0 la Formation de France Travail (ex P\u00f4le Emploi) : crit\u00e8res d\u2019\u00e9ligibilit\u00e9, avantages, et \u00e9tapes pour en b\u00e9n\u00e9ficier.","og_url":"https:\/\/blog.lewagon.com\/fr\/financement\/aif-aide-individuelle-de-formation-pole-emploi\/","og_site_name":"Blog Le Wagon","article_published_time":"2024-07-03T16:43:46+00:00","article_modified_time":"2026-02-03T17:17:47+00:00","og_image":[{"width":2048,"height":1365,"url":"https:\/\/blog.lewagon.com\/wp-content\/uploads\/2024\/07\/aif-pole-emploi-financement.jpg","type":"image\/jpeg"}],"author":"annamascolo","twitter_card":"summary_large_image","twitter_misc":{"\u00c9crit par":"annamascolo","Dur\u00e9e de lecture estim\u00e9e":"5 minutes"},"schema":{"@context":"https:\/\/schema.org","@graph":[{"@type":["Article","BlogPosting"],"@id":"https:\/\/blog.lewagon.com\/fr\/financement\/aif-aide-individuelle-de-formation-pole-emploi\/#article","isPartOf":{"@id":"https:\/\/blog.lewagon.com\/fr\/financement\/aif-aide-individuelle-de-formation-pole-emploi\/"},"author":{"name":"annamascolo","@id":"https:\/\/blog.lewagon.com\/fr\/#\/schema\/person\/62b4253026d69f238d81b7af3ab6382e"},"headline":"Qu\u2019est-ce que l\u2019AIF (Aide Individuelle de Formation) de France Travail ?","datePublished":"2024-07-03T16:43:46+00:00","dateModified":"2026-02-03T17:17:47+00:00","mainEntityOfPage":{"@id":"https:\/\/blog.lewagon.com\/fr\/financement\/aif-aide-individuelle-de-formation-pole-emploi\/"},"wordCount":12,"publisher":{"@id":"https:\/\/blog.lewagon.com\/fr\/#organization"},"image":{"@id":"https:\/\/blog.lewagon.com\/fr\/financement\/aif-aide-individuelle-de-formation-pole-emploi\/#primaryimage"},"thumbnailUrl":"https:\/\/i0.wp.com\/blog.lewagon.com\/wp-content\/uploads\/2024\/07\/aif-pole-emploi-financement.jpg?fit=2048%2C1365&ssl=1","keywords":["Tech"],"articleSection":["Financement"],"inLanguage":"fr-FR"},{"@type":"WebPage","@id":"https:\/\/blog.lewagon.com\/fr\/financement\/aif-aide-individuelle-de-formation-pole-emploi\/","url":"https:\/\/blog.lewagon.com\/fr\/financement\/aif-aide-individuelle-de-formation-pole-emploi\/","name":"Qu\u2019est-ce que l\u2019AIF (Aide Individuelle de Formation) de France Travail ? | Blog Le Wagon","isPartOf":{"@id":"https:\/\/blog.lewagon.com\/fr\/#website"},"primaryImageOfPage":{"@id":"https:\/\/blog.lewagon.com\/fr\/financement\/aif-aide-individuelle-de-formation-pole-emploi\/#primaryimage"},"image":{"@id":"https:\/\/blog.lewagon.com\/fr\/financement\/aif-aide-individuelle-de-formation-pole-emploi\/#primaryimage"},"thumbnailUrl":"https:\/\/i0.wp.com\/blog.lewagon.com\/wp-content\/uploads\/2024\/07\/aif-pole-emploi-financement.jpg?fit=2048%2C1365&ssl=1","datePublished":"2024-07-03T16:43:46+00:00","dateModified":"2026-02-03T17:17:47+00:00","description":"Tout savoir de l\u2019AIF, l'Aide Individuelle \u00e0 la Formation de France Travail (ex P\u00f4le Emploi) : crit\u00e8res d\u2019\u00e9ligibilit\u00e9, avantages, et \u00e9tapes pour en b\u00e9n\u00e9ficier.","breadcrumb":{"@id":"https:\/\/blog.lewagon.com\/fr\/financement\/aif-aide-individuelle-de-formation-pole-emploi\/#breadcrumb"},"inLanguage":"fr-FR","potentialAction":[{"@type":"ReadAction","target":["https:\/\/blog.lewagon.com\/fr\/financement\/aif-aide-individuelle-de-formation-pole-emploi\/"]}]},{"@type":"ImageObject","inLanguage":"fr-FR","@id":"https:\/\/blog.lewagon.com\/fr\/financement\/aif-aide-individuelle-de-formation-pole-emploi\/#primaryimage","url":"https:\/\/i0.wp.com\/blog.lewagon.com\/wp-content\/uploads\/2024\/07\/aif-pole-emploi-financement.jpg?fit=2048%2C1365&ssl=1","contentUrl":"https:\/\/i0.wp.com\/blog.lewagon.com\/wp-content\/uploads\/2024\/07\/aif-pole-emploi-financement.jpg?fit=2048%2C1365&ssl=1","width":2048,"height":1365,"caption":"aif"},{"@type":"BreadcrumbList","@id":"https:\/\/blog.lewagon.com\/fr\/financement\/aif-aide-individuelle-de-formation-pole-emploi\/#breadcrumb","itemListElement":[{"@type":"ListItem","position":1,"name":"Accueil","item":"https:\/\/blog.lewagon.com\/fr\/"},{"@type":"ListItem","position":2,"name":"Financement","item":"https:\/\/blog.lewagon.com\/fr\/.\/financement\/"},{"@type":"ListItem","position":3,"name":"Qu\u2019est-ce que l\u2019AIF (Aide Individuelle de Formation) de France Travail ?"}]},{"@type":"WebSite","@id":"https:\/\/blog.lewagon.com\/fr\/#website","url":"https:\/\/blog.lewagon.com\/fr\/","name":"Le Wagon","description":"","publisher":{"@id":"https:\/\/blog.lewagon.com\/fr\/#organization"},"potentialAction":[{"@type":"SearchAction","target":{"@type":"EntryPoint","urlTemplate":"https:\/\/blog.lewagon.com\/fr\/?s={search_term_string}"},"query-input":{"@type":"PropertyValueSpecification","valueRequired":true,"valueName":"search_term_string"}}],"inLanguage":"fr-FR"},{"@type":"Organization","@id":"https:\/\/blog.lewagon.com\/fr\/#organization","name":"Le Wagon","url":"https:\/\/blog.lewagon.com\/fr\/","logo":{"@type":"ImageObject","inLanguage":"fr-FR","@id":"https:\/\/blog.lewagon.com\/fr\/#\/schema\/logo\/image\/","url":"https:\/\/blog.lewagon.com\/wp-content\/uploads\/2023\/02\/logo.svg","contentUrl":"https:\/\/blog.lewagon.com\/wp-content\/uploads\/2023\/02\/logo.svg","width":172,"height":44,"caption":"Le Wagon"},"image":{"@id":"https:\/\/blog.lewagon.com\/fr\/#\/schema\/logo\/image\/"}},{"@type":"Person","@id":"https:\/\/blog.lewagon.com\/fr\/#\/schema\/person\/62b4253026d69f238d81b7af3ab6382e","name":"annamascolo","image":{"@type":"ImageObject","inLanguage":"fr-FR","@id":"https:\/\/secure.gravatar.com\/avatar\/56f6650e025bca7ca75c8f3eec896598032c71b4313d861f1cc344a645c0d0b3?s=96&d=mm&r=g","url":"https:\/\/secure.gravatar.com\/avatar\/56f6650e025bca7ca75c8f3eec896598032c71b4313d861f1cc344a645c0d0b3?s=96&d=mm&r=g","contentUrl":"https:\/\/secure.gravatar.com\/avatar\/56f6650e025bca7ca75c8f3eec896598032c71b4313d861f1cc344a645c0d0b3?s=96&d=mm&r=g","caption":"annamascolo"},"url":"https:\/\/blog.lewagon.com\/fr\/author\/annamascolo\/"}]}},"jetpack_featured_media_url":"https:\/\/i0.wp.com\/blog.lewagon.com\/wp-content\/uploads\/2024\/07\/aif-pole-emploi-financement.jpg?fit=2048%2C1365&ssl=1","jetpack_sharing_enabled":true,"_links":{"self":[{"href":"https:\/\/blog.lewagon.com\/fr\/wp-json\/wp\/v2\/posts\/230551","targetHints":{"allow":["GET"]}}],"collection":[{"href":"https:\/\/blog.lewagon.com\/fr\/wp-json\/wp\/v2\/posts"}],"about":[{"href":"https:\/\/blog.lewagon.com\/fr\/wp-json\/wp\/v2\/types\/post"}],"author":[{"embeddable":true,"href":"https:\/\/blog.lewagon.com\/fr\/wp-json\/wp\/v2\/users\/42"}],"replies":[{"embeddable":true,"href":"https:\/\/blog.lewagon.com\/fr\/wp-json\/wp\/v2\/comments?post=230551"}],"version-history":[{"count":5,"href":"https:\/\/blog.lewagon.com\/fr\/wp-json\/wp\/v2\/posts\/230551\/revisions"}],"predecessor-version":[{"id":236516,"href":"https:\/\/blog.lewagon.com\/fr\/wp-json\/wp\/v2\/posts\/230551\/revisions\/236516"}],"wp:featuredmedia":[{"embeddable":true,"href":"https:\/\/blog.lewagon.com\/fr\/wp-json\/wp\/v2\/media\/230552"}],"wp:attachment":[{"href":"https:\/\/blog.lewagon.com\/fr\/wp-json\/wp\/v2\/media?parent=230551"}],"wp:term":[{"taxonomy":"category","embeddable":true,"href":"https:\/\/blog.lewagon.com\/fr\/wp-json\/wp\/v2\/categories?post=230551"},{"taxonomy":"type_de_post","embeddable":true,"href":"https:\/\/blog.lewagon.com\/fr\/wp-json\/wp\/v2\/type_de_post?post=230551"},{"taxonomy":"post-format","embeddable":true,"href":"https:\/\/blog.lewagon.com\/fr\/wp-json\/wp\/v2\/post-format?post=230551"}],"curies":[{"name":"wp","href":"https:\/\/api.w.org\/{rel}","templated":true}]}}