{"id":235240,"date":"2025-06-04T16:34:03","date_gmt":"2025-06-04T14:34:03","guid":{"rendered":"https:\/\/blog.lewagon.com\/?p=235240"},"modified":"2025-06-04T16:45:29","modified_gmt":"2025-06-04T14:45:29","slug":"adopter-le-mode-de-vie-digital-nomad-retour-sur-experience-des-freelances-de-la-communaute-du-wagon","status":"publish","type":"post","link":"https:\/\/blog.lewagon.com\/fr\/career\/adopter-le-mode-de-vie-digital-nomad-retour-sur-experience-des-freelances-de-la-communaute-du-wagon\/","title":{"rendered":"Adopter le mode de vie digital nomad : retour sur exp\u00e9rience des freelances de la communaut\u00e9 du Wagon"},"content":{"rendered":"","protected":false},"excerpt":{"rendered":"<p>Le style de vie digital nomad fait r\u00eaver beaucoup de monde \u2014 un \u00e9quilibre entre travail, exploration et libert\u00e9. Mais qu\u2019est-ce que cela signifie vraiment au quotidien ? Lors d\u2019une table ronde organis\u00e9e par Le Wagon, trois femmes inspirantes \u2014 Audrey, Cecilia et Ines \u2014 ont partag\u00e9 leur parcours dans la tech, le freelancing et le travail \u00e0 distance, et comment Le Wagon les a aid\u00e9es \u00e0 tracer leur chemin.<\/p>\n","protected":false},"author":78,"featured_media":235231,"comment_status":"closed","ping_status":"closed","sticky":false,"template":"","format":"standard","meta":{"_acf_changed":false,"inline_featured_image":false,"_jetpack_memberships_contains_paid_content":false,"footnotes":""},"categories":[100],"type_de_post":[5],"post-format":[],"class_list":["post-235240","post","type-post","status-publish","format-standard","has-post-thumbnail","hentry","category-career","tag-le-wagon-fr","tag-tech","type_de_post-avec-sommaire"],"acf":[],"acfml_non_translatable_locations":null,"_wp_attached_file":null,"_wp_attachment_metadata":null,"wpml_media_processed":null,"_elementor_inline_svg":null,"_elementor_source_image_hash":null,"_wp_attachment_image_alt":null,"_msc":null,"_elementor_is_screenshot":null,"_wp_attachment_context":null,"_oembed_4f1dc266c1e5b199d2e3668569863d35":null,"_wp_attachment_backup_sizes":null,"description_courte_du_cours":null,"_description_courte_du_cours":null,"sujets":null,"_sujets":null,"niveau":null,"_niveau":null,"duree":null,"_duree":null,"lien_externe_du_cours":null,"_lien_externe_du_cours":null,"_g_feedback_shortcode_8e54bebc0966bf7f9290fee5ef5e57c8a8c597c6":null,"_g_feedback_shortcode_atts_8e54bebc0966bf7f9290fee5ef5e57c8a8c597c6":null,"elementor_font_files":null,"elementor_font_face":null,"_elementor_location":null,"_elementor_priority":null,"_elementor_code":null,"_elementor_extra_options":null,"date_de_levent":null,"_date_de_levent":null,"heure_de_debut_de_levent":null,"_heure_de_debut_de_levent":null,"heure_de_fin_de_levent":null,"_heure_de_fin_de_levent":null,"time_zone":null,"_time_zone":null,"description_de_levent":null,"_description_de_levent":null,"format_du_cours":null,"_format_du_cours":null,"pre-requis":null,"_pre-requis":null,"langue_de_levent":null,"_langue_de_levent":null,"lien_externe_de_levent":null,"_lien_externe_de_levent":null,"_yoast_wpseo_primary_tag_events":null,"lieu_de_levent":null,"_lieu_de_levent":null,"_menu_item_type":null,"_menu_item_menu_item_parent":null,"_menu_item_object_id":null,"_menu_item_object":null,"_menu_item_target":null,"_menu_item_classes":null,"_menu_item_xfn":null,"_menu_item_url":null,"_omapi_type":null,"_omapi_ids":null,"_omapi_enabled":null,"_yoast_wpseo_content_score":"60","_pll_strings_translations":null,"_yoast_wpseo_primary_post_tag":"","_yoast_wpseo_primary_type_de_post":"","_yoast_wpseo_primary_post-format":"","_oembed_e607e81f61090d85eabdabc743a27470":null,"_oembed_196c62ccee9fda191cd6fa5f568ddc05":null,"_oembed_6b5f28c0de48cbf3a2ad766be5eb3b30":null,"_oembed_082c4292f4cd0dedc40ae746a899501c":null,"om_disable_all_campaigns":null,"wpil_sync_report3":null,"_yoast_wpseo_focuskw":null,"_yoast_wpseo_linkdex":null,"_yoast_wpseo_opengraph-title":null,"_yoast_wpseo_opengraph-description":null,"_yoast_wpseo_twitter-title":null,"_yoast_wpseo_twitter-description":null,"wpil_links_inbound_internal_count":null,"wpil_links_inbound_internal_count_data":null,"wpil_links_outbound_internal_count":null,"wpil_links_outbound_internal_count_data":null,"wpil_links_outbound_external_count":null,"wpil_links_outbound_external_count_data":null,"wpil_sync_report2_time":null,"gnpub_modified_count":null,"_encloseme":"1","_jetpack_memberships_contains_paid_content":null,"_oembed_df252bc3f21e94e550790f0a26013d33":null,"_oembed_7c25793225e5877909b9566a95c01f07":null,"_oembed_time_7c25793225e5877909b9566a95c01f07":null,"_oembed_c035311b2d37111892bc6336ad75c1a7":null,"_oembed_time_c035311b2d37111892bc6336ad75c1a7":null,"_yoast_wpseo_focuskw_text_input":null,"_yoast_wpseo_opengraph-image":null,"_yoast_wpseo_twitter-image":null,"_bnitk_mfd_meta-robots-noindex":null,"_yoast_wpseo_meta-robots-noindex":null,"_bnitk_mfd_meta-robots-nofollow":null,"_yoast_wpseo_meta-robots-nofollow":null,"_oembed_9b38dff8e9475b390d223d1a13735d6e":null,"_oembed_09b03dce1da57707d8b400d6ead6cfea":null,"_oembed_time_09b03dce1da57707d8b400d6ead6cfea":null,"_oembed_761875ecd5d7c814e779a8a1669e3078":null,"_oembed_time_761875ecd5d7c814e779a8a1669e3078":null,"_oembed_60128998417fdcbaac97a635f5785efd":null,"_oembed_time_60128998417fdcbaac97a635f5785efd":null,"_oembed_bbc2c908fc7e611d82dce88119dc4350":null,"_oembed_time_bbc2c908fc7e611d82dce88119dc4350":null,"_oembed_5ada75a4373349f7b136423290505b3a":null,"_oembed_time_5ada75a4373349f7b136423290505b3a":null,"_oembed_086373a651e90a4eb1279fa1f945472c":null,"_oembed_time_086373a651e90a4eb1279fa1f945472c":null,"_wpml_post_translation_editor_native":null,"_oembed_5e24c29ce369f6b80c9eeec04f14665b":null,"_oembed_time_5e24c29ce369f6b80c9eeec04f14665b":null,"_oembed_8c3e7085f10b7c0fc5520e72277d797b":null,"_oembed_time_8c3e7085f10b7c0fc5520e72277d797b":null,"_oembed_1489782c3c8ef26605b6876b88f7bdda":null,"_oembed_time_1489782c3c8ef26605b6876b88f7bdda":null,"_oembed_0a3d659fc8de333aa903ab0b56018d23":null,"_oembed_time_0a3d659fc8de333aa903ab0b56018d23":null,"_oembed_d1585e059963c7dbe1909a198f64637b":null,"_oembed_da273c5e4d4993b38963204fa3018b68":null,"_oembed_time_da273c5e4d4993b38963204fa3018b68":null,"_oembed_a5e2c70342e4f17e48253b0a60b76258":null,"_oembed_time_a5e2c70342e4f17e48253b0a60b76258":null,"_oembed_83c8f84c43191797360817ecdc633650":null,"_oembed_time_83c8f84c43191797360817ecdc633650":null,"_oembed_e105b3463a1e23321ff3d1a9daf4ce77":null,"_oembed_1692f2329443bc1b18fc320e0d77cb4e":null,"_yoast_wpseo_schema_article_type":null,"_oembed_02bf1d274545a46fdad44828db802e9b":null,"_oembed_483efee027379bb1099137e135e60619":null,"_oembed_time_483efee027379bb1099137e135e60619":null,"_oembed_d9e3a2e55472c308a6d4f95f9859d57c":null,"_oembed_time_d9e3a2e55472c308a6d4f95f9859d57c":null,"_oembed_14a773041d4083fdc540105ccc635e1f":null,"_oembed_time_14a773041d4083fdc540105ccc635e1f":null,"_oembed_fd2c0295b311b878f43def139f693291":null,"_oembed_time_fd2c0295b311b878f43def139f693291":null,"_oembed_9e88339a75e081aa4aa002ac43b5917e":null,"_oembed_time_9e88339a75e081aa4aa002ac43b5917e":null,"_oembed_e58b2264fd34411178c5aead6e76fc0e":null,"_oembed_time_e58b2264fd34411178c5aead6e76fc0e":null,"_oembed_bddf29494cd341c273d2f25802785f3a":null,"_oembed_time_bddf29494cd341c273d2f25802785f3a":null,"_oembed_9fdc7ffbd7d1c456cb57323136bcf86d":null,"_oembed_time_9fdc7ffbd7d1c456cb57323136bcf86d":null,"_oembed_6882adf1f7ba34c40d8abda49c078862":null,"_oembed_time_6882adf1f7ba34c40d8abda49c078862":null,"_oembed_42ae0b6a999f98ed81c86edf9b80d360":null,"_oembed_time_42ae0b6a999f98ed81c86edf9b80d360":null,"_oembed_f4dcff6ba8f84f09cade790420ba4d80":null,"_oembed_time_f4dcff6ba8f84f09cade790420ba4d80":null,"_oembed_25071af9d5ecd73a9356fe5704bba4d8":null,"_oembed_time_25071af9d5ecd73a9356fe5704bba4d8":null,"_oembed_a86728f5efc0ca0642006bbb96f843cc":null,"_oembed_time_a86728f5efc0ca0642006bbb96f843cc":null,"_oembed_d7b5055b785ef8a0cf22c87d024bf2a4":null,"_oembed_time_d7b5055b785ef8a0cf22c87d024bf2a4":null,"_oembed_6a73e101cae7c3452b00a72cf0fc9b22":null,"_oembed_time_6a73e101cae7c3452b00a72cf0fc9b22":null,"_oembed_0aef478f0830cc2e857b9a150a7f763a":null,"_oembed_time_0aef478f0830cc2e857b9a150a7f763a":null,"_oembed_d1a3bdcdf10e4859560b01d910ad1120":null,"_oembed_time_d1a3bdcdf10e4859560b01d910ad1120":null,"_oembed_05ef2af36a31586761b7311d393d1df4":null,"_oembed_time_05ef2af36a31586761b7311d393d1df4":null,"_oembed_ed00fe1690bb2e86f1eb06acfe8a13e7":null,"_oembed_time_ed00fe1690bb2e86f1eb06acfe8a13e7":null,"_oembed_59ffcbf71f633752ca4f26b3b4a544c9":null,"_oembed_time_59ffcbf71f633752ca4f26b3b4a544c9":null,"_oembed_a7b688611478922544f14672fda18461":null,"_oembed_time_a7b688611478922544f14672fda18461":null,"_oembed_266f9a151e3a09eeee918af2d28fd24f":null,"_oembed_time_266f9a151e3a09eeee918af2d28fd24f":null,"_oembed_9f52726dd229470e47d40ff0c8aeb5f8":null,"_oembed_time_9f52726dd229470e47d40ff0c8aeb5f8":null,"_oembed_5547f713058fed19783e0533ce393a31":null,"_oembed_time_5547f713058fed19783e0533ce393a31":null,"_oembed_68ff8dd20e77e109ad084c2252ca040d":null,"_oembed_time_68ff8dd20e77e109ad084c2252ca040d":null,"_oembed_819f09a569080db91bf5dadda0a30d9f":null,"_oembed_time_819f09a569080db91bf5dadda0a30d9f":null,"_oembed_4fc081fbdf0afd05a624ba852a63e133":null,"_oembed_time_4fc081fbdf0afd05a624ba852a63e133":null,"_oembed_d66baf1301b99db8b19a0924319cf03e":null,"_oembed_time_d66baf1301b99db8b19a0924319cf03e":null,"_oembed_14a5f80e3eef4903e482b0ef3799659e":null,"_oembed_time_14a5f80e3eef4903e482b0ef3799659e":null,"_oembed_c24c715adb3853482526a794a5f3c3bb":null,"_oembed_time_c24c715adb3853482526a794a5f3c3bb":null,"_oembed_9c493e098be2852715cc990b6e6243f3":null,"_oembed_time_9c493e098be2852715cc990b6e6243f3":null,"_oembed_b60b7e3028d326711916099f54e986fa":null,"_oembed_time_b60b7e3028d326711916099f54e986fa":null,"_oembed_5283e19fcec44e632de8d436d46ec2f7":null,"_oembed_time_5283e19fcec44e632de8d436d46ec2f7":null,"_oembed_057692cb4479cf5c77363896a28db44f":null,"_oembed_time_057692cb4479cf5c77363896a28db44f":null,"_oembed_e8cb0f41d141fe5eb9d69fc32a98cd72":null,"_oembed_time_e8cb0f41d141fe5eb9d69fc32a98cd72":null,"_oembed_75dcbca80ec1829a77578390fae8fa56":null,"_oembed_time_75dcbca80ec1829a77578390fae8fa56":null,"_oembed_e49318dfeabd5f16d7967e2fcc746fbd":null,"_oembed_time_e49318dfeabd5f16d7967e2fcc746fbd":null,"_oembed_76116b03fe5a013341210d278021184b":null,"_oembed_time_76116b03fe5a013341210d278021184b":null,"_oembed_6c81e1c9b634b5066fb37aaccfd71053":null,"_oembed_time_6c81e1c9b634b5066fb37aaccfd71053":null,"_oembed_abbc1aa97e554f334c2ce25f0d883702":null,"_oembed_time_abbc1aa97e554f334c2ce25f0d883702":null,"_oembed_ba421363b36dd97c087665d5025396cf":null,"_oembed_time_ba421363b36dd97c087665d5025396cf":null,"_oembed_a98f236eb48eb9cd4ede7f319e9cfbc7":null,"_oembed_time_a98f236eb48eb9cd4ede7f319e9cfbc7":null,"_oembed_d61fec7d73397687995fec8d7bd9852f":null,"_oembed_time_d61fec7d73397687995fec8d7bd9852f":null,"_oembed_2e9e46a0176fe90e49cc5fff32ac6912":null,"_oembed_time_2e9e46a0176fe90e49cc5fff32ac6912":null,"_oembed_8a304f49b3aa1c3eec8d0b0577e05e3d":null,"_oembed_time_8a304f49b3aa1c3eec8d0b0577e05e3d":null,"_oembed_ad30824ca1e37cffdad2dbce46c4998a":null,"_oembed_time_ad30824ca1e37cffdad2dbce46c4998a":null,"_oembed_6c3dacc8273d4877c65378c1f324c9cc":null,"_oembed_time_6c3dacc8273d4877c65378c1f324c9cc":null,"_oembed_1d0e7d3c6d826ca1e56a24218abba6f2":null,"_oembed_time_1d0e7d3c6d826ca1e56a24218abba6f2":null,"_oembed_50929cd1300f7cdee57e6e5451afb186":null,"_oembed_time_50929cd1300f7cdee57e6e5451afb186":null,"_oembed_72dc139d079681a2c3d759a86af48ccc":null,"_oembed_time_72dc139d079681a2c3d759a86af48ccc":null,"_oembed_d359fdb1fa5da9e62dd3505937f46fb6":null,"_oembed_time_d359fdb1fa5da9e62dd3505937f46fb6":null,"_oembed_589d6065ccac39334963be5bd8656631":null,"_oembed_time_589d6065ccac39334963be5bd8656631":null,"_oembed_715be02b6ebadc1be6dd638a57d01eb7":null,"_oembed_time_715be02b6ebadc1be6dd638a57d01eb7":null,"_oembed_f5139a9df267d3aa532f5b56409c90b0":null,"_oembed_time_f5139a9df267d3aa532f5b56409c90b0":null,"_oembed_3d9a26be229b27005ca74596fb62cc08":null,"_oembed_time_3d9a26be229b27005ca74596fb62cc08":null,"_oembed_a7d6f0ce79de685fc6f7f4d447e15468":null,"_oembed_time_a7d6f0ce79de685fc6f7f4d447e15468":null,"_oembed_20849479e832b5312335e3086c5f972b":null,"_oembed_time_20849479e832b5312335e3086c5f972b":null,"_oembed_2be4d392f66846deb7624c1bf3bc293e":null,"_oembed_time_2be4d392f66846deb7624c1bf3bc293e":null,"_oembed_9bcf546ec292041d23df28a719840688":null,"_oembed_time_9bcf546ec292041d23df28a719840688":null,"_oembed_0858ffd7404bcd7d82896f942481fe63":null,"_oembed_time_0858ffd7404bcd7d82896f942481fe63":null,"_oembed_4a2dd0ecf082a7c7d82731c06a644799":null,"_oembed_time_4a2dd0ecf082a7c7d82731c06a644799":null,"_oembed_8a1e46bc730cb21c1085d157ae6fa8b6":null,"_oembed_time_8a1e46bc730cb21c1085d157ae6fa8b6":null,"_oembed_cae7deb931d75f809e459e912e71429a":null,"_oembed_time_cae7deb931d75f809e459e912e71429a":null,"_oembed_6fcb4f8ab72abccda75674f71a946f97":null,"_oembed_time_6fcb4f8ab72abccda75674f71a946f97":null,"_oembed_7f0bfd584f844117a64fe73d83b43245":null,"_oembed_time_7f0bfd584f844117a64fe73d83b43245":null,"_oembed_d0aea105cffdf6e004979cf1e4f51e96":null,"_oembed_time_d0aea105cffdf6e004979cf1e4f51e96":null,"_oembed_e53b85b8766b3dc91338f6c1b95a2541":null,"_oembed_time_e53b85b8766b3dc91338f6c1b95a2541":null,"_oembed_48832be87b763046d232c1f2b5ac5fb3":null,"_oembed_time_48832be87b763046d232c1f2b5ac5fb3":null,"_oembed_32a9a34fcf91c466be9a08e1dba3c84e":null,"_oembed_time_32a9a34fcf91c466be9a08e1dba3c84e":null,"_oembed_fb50b2dc07acfa2418f00cdc2ad4c4c2":null,"_oembed_time_fb50b2dc07acfa2418f00cdc2ad4c4c2":null,"_oembed_3089e1d62f944a73b38c996e49abd2fc":null,"_oembed_time_3089e1d62f944a73b38c996e49abd2fc":null,"_oembed_1ecc99e75cf5d001c8da4f4d600703a8":null,"_oembed_time_1ecc99e75cf5d001c8da4f4d600703a8":null,"_oembed_b9c03ca24b382c17966861d251dc3b8d":null,"_oembed_time_b9c03ca24b382c17966861d251dc3b8d":null,"_wp_trash_meta_status":null,"_wp_trash_meta_time":null,"_wp_desired_post_slug":null,"_oembed_031755ba22f2b639d88c78254a99ff39":null,"_oembed_time_031755ba22f2b639d88c78254a99ff39":null,"description_de_la_ressource":null,"_description_de_la_ressource":null,"titre_du_fichier":null,"_titre_du_fichier":null,"_edit_last":"78","_edit_lock":"1749048227:78","_wp_old_slug":null,"_top_nav_excluded":null,"_cms_nav_minihome":null,"inline_featured_image":null,"_yoast_wpseo_estimated-reading-time-minutes":"3","_yoast_wpseo_wordproof_timestamp":null,"_wpml_media_duplicate":"1","_thumbnail_id":"235231","_wpml_media_featured":"1","_wpml_word_count":"88","_last_translation_edit_mode":"native-editor","_last_editor_used_jetpack":null,"_elementor_edit_mode":null,"_elementor_template_type":null,"_wp_page_template":"default","_elementor_page_settings":null,"_elementor_data":null,"_elementor_page_assets":[],"_elementor_version":null,"_elementor_pro_version":null,"_elementor_elements_default_values":null,"_elementor_css":null,"_elementor_source":null,"_elementor_conditions":null,"_wpml_location_migration_done":null,"_elementor_controls_usage":null,"_elementor_screenshot_failed":null,"_elementor_screenshot":null,"_elementor_popup_display_settings":null,"_yoast_wpseo_primary_category":100,"_wp_old_date":null,"_elementor_template_widget_type":null,"_icl_lang_duplicate_of":null,"_yoast_wpseo_metadesc":"Le style de vie digital nomad fait r\u00eaver beaucoup de monde \u2014 un \u00e9quilibre entre travail, exploration et libert\u00e9. Mais qu\u2019est-ce que cela signifie vraiment au quotidien ? Lors d\u2019une table ronde organis\u00e9e par Le Wagon, trois femmes inspirantes \u2014 Audrey, Cecilia et Ines \u2014 ont partag\u00e9 leur parcours dans la tech, le freelancing et le travail \u00e0 distance, et comment Le Wagon les a aid\u00e9es \u00e0 tracer leur chemin.","_yoast_wpseo_title":null,"contenu_de_larticle":"<h2><b>\ud83c\udf99 Pr\u00e9sentation des intervenantes<\/b><\/h2>\r\n<span style=\"font-weight: 400;\">Avant d\u2019explorer leurs apprentissages, faisons connaissance avec les pan\u00e9listes.<\/span>\r\n\r\n<span style=\"font-weight: 400;\"><strong>Audrey<\/strong> est designer et d\u00e9veloppeuse front-end freelance, aujourd\u2019hui bas\u00e9e \u00e0 Londres. Originaire de Montr\u00e9al, c\u2019est \u00e0 Shanghai que son aventure a commenc\u00e9, suite \u00e0 un atelier de cr\u00e9ation de landing page anim\u00e9 par Le Wagon. Apr\u00e8s avoir termin\u00e9 son bootcamp en 2017, elle s\u2019est lanc\u00e9e dans une carri\u00e8re 100 % freelance.<\/span>\r\n<blockquote><i><span style=\"font-weight: 400;\"> \u00ab Je faisais tellement de missions en freelance que je n'avais m\u00eame plus le temps de chercher du travail. \u00bb<\/span><\/i><\/blockquote>\r\n&nbsp;\r\n\r\n<span style=\"font-weight: 400;\"><strong>Cecilia<\/strong> est guitariste classique et historienne, originaire du Chili, qui s\u2019est reconvertie dans la tech pendant la pand\u00e9mie. Apr\u00e8s avoir particip\u00e9 \u00e0 un bootcamp de code pour femmes en Am\u00e9rique latine, elle a commenc\u00e9 \u00e0 travailler \u00e0 distance et n\u2019a plus arr\u00eat\u00e9 de voyager depuis.<\/span><span style=\"font-weight: 400;\">\r\n<\/span>\r\n<blockquote><i><span style=\"font-weight: 400;\">\u00a0\u00ab \u00c7a fait maintenant trois ans et demi\u2026 J\u2019ai v\u00e9cu, voyag\u00e9 et travaill\u00e9 en solo depuis treize pays diff\u00e9rents. \u00bb<\/span><\/i><\/blockquote>\r\n&nbsp;\r\n\r\n<span style=\"font-weight: 400;\"><strong>Ines<\/strong> est dipl\u00f4m\u00e9e en sciences politiques et est devenue d\u00e9veloppeuse web freelance. Apr\u00e8s avoir travaill\u00e9 dans le marketing, notamment chez Le Wagon, elle a suivi le bootcamp de d\u00e9veloppement web \u00e0 temps partiel et a choisi une toute nouvelle voie.<\/span>\r\n<blockquote><i><span style=\"font-weight: 400;\"> \u00ab \u00c0 la fin du bootcamp, c\u2019\u00e9tait tr\u00e8s clair pour moi : je voulais coder davantage et en faire ma carri\u00e8re. \u00bb<\/span><\/i><\/blockquote>\r\n&nbsp;\r\n<h2><b>Pourquoi le freelancing et le travail \u00e0 distance ?<\/b><\/h2>\r\n<span style=\"font-weight: 400;\">Chacune a partag\u00e9 ses motivations personnelles \u00e0 choisir ce mode de vie. Pour Ines, c\u2019\u00e9tait une question de libert\u00e9 et de flexibilit\u00e9 :<\/span><span style=\"font-weight: 400;\">\r\n<\/span>\r\n<blockquote><i><span style=\"font-weight: 400;\">\u00a0\u00ab Je voulais avoir plus de temps pour <\/span><\/i><b><i>faire autre chose que travailler<\/i><\/b><i><span style=\"font-weight: 400;\">, comme randonner, grimper et passer du temps dehors. \u00bb<\/span><\/i><\/blockquote>\r\n<span style=\"font-weight: 400;\">Cecilia, elle, cherchait une exp\u00e9rience culturelle plus profonde :<\/span>\r\n<blockquote><i><span style=\"font-weight: 400;\"> \u00ab J\u2019ai vraiment besoin d\u2019endroits calmes\u2026 mais je cherche surtout <\/span><\/i><b><i>une exp\u00e9rience plus locale.<\/i><\/b><i><span style=\"font-weight: 400;\"> \u00bb<\/span><\/i><\/blockquote>\r\n<span style=\"font-weight: 400;\">Audrey a ajout\u00e9 une raison plus pratique :<\/span>\r\n<blockquote><i><span style=\"font-weight: 400;\">\u00ab Je suis un peu tomb\u00e9e dans le freelancing\u2026 \u00c7a m\u2019a permis de <\/span><\/i><b><i>bouger de pays en pays sans trop impacter ma client\u00e8le<\/i><\/b><i><span style=\"font-weight: 400;\">. \u00bb<\/span><\/i><\/blockquote>\r\n&nbsp;\r\n\r\n<b>Le Wagon a jou\u00e9 un r\u00f4le cl\u00e9 dans ces transitions<\/b><span style=\"font-weight: 400;\">, en apportant \u00e0 la fois des comp\u00e9tences techniques et un sentiment de communaut\u00e9.<\/span>\r\n<blockquote><span style=\"font-weight: 400;\">\r\n<\/span><i><span style=\"font-weight: 400;\"> \u00ab Rencontrer des gens qui avaient ce mode de vie\u2026 <\/span><\/i><b><i>m\u2019a montr\u00e9 que c\u2019\u00e9tait possible<\/i><\/b><i><span style=\"font-weight: 400;\">. \u00bb \u2013 souligne Ines<\/span><\/i><\/blockquote>\r\n&nbsp;\r\n<h2><b>\u00c0 quoi ressemble une journ\u00e9e type pour un digital nomad ?<\/b><\/h2>\r\n<h4><strong>Spoiler : il n\u2019y en a pas.<\/strong><\/h4>\r\n<span style=\"font-weight: 400;\">Cecilia a cass\u00e9 un mythe r\u00e9pandu :<\/span>\r\n<blockquote><i><span style=\"font-weight: 400;\"> \u00ab Les gens pensent souvent que les digital nomads sont toujours en vacances\u2026 mais ma vraie vie, <\/span><\/i><b><i>c\u2019est beaucoup de travail<\/i><\/b><i><span style=\"font-weight: 400;\">. \u00bb<\/span><\/i><\/blockquote>\r\n<span style=\"font-weight: 400;\">Elle essaie malgr\u00e9 tout de se r\u00e9server du temps libre, notamment le lundi matin et le vendredi apr\u00e8s-midi.<\/span>\r\n\r\n<span style=\"font-weight: 400;\">Ines confirme :<\/span><span style=\"font-weight: 400;\">\r\n<\/span>\r\n<blockquote><i><span style=\"font-weight: 400;\">\u00a0\u00ab <\/span><\/i><b><i>Il n\u2019y a pas de journ\u00e9e type<\/i><\/b><i><span style=\"font-weight: 400;\">\u2026 Parfois je prends une apr\u00e8s-midi ou un jour de cong\u00e9. Quand j\u2019ai beaucoup de boulot, je travaille plus qu\u2019un employ\u00e9 \u00e0 temps plein. \u00bb<\/span><\/i><\/blockquote>\r\n<span style=\"font-weight: 400;\">Audrey, aujourd\u2019hui \u00e0 la t\u00eate d\u2019une entreprise, note que la flexibilit\u00e9 s\u2019accompagne aussi de contraintes administratives :<\/span>\r\n<blockquote><i><span style=\"font-weight: 400;\">\u00a0\u00ab Chaque fois que j\u2019ai d\u00fb d\u00e9m\u00e9nager quelque part, j\u2019ai d\u00fb\u2026 <\/span><\/i><b><i>cr\u00e9er l\u00e9galement l\u2019entreprise<\/i><\/b><i><span style=\"font-weight: 400;\">, puis g\u00e9rer toute la comptabilit\u00e9 qui va avec. \u00bb<\/span><\/i><\/blockquote>\r\n&nbsp;\r\n<h2><b>Trouver sa communaut\u00e9 dans une vie nomade<\/b><\/h2>\r\n<span style=\"font-weight: 400;\">Malgr\u00e9 les d\u00e9placements constants, <strong>le sentiment d\u2019appartenance reste essentiel.<\/strong><\/span>\r\n\r\n<span style=\"font-weight: 400;\">Cecilia insiste sur la valeur des liens locaux cr\u00e9\u00e9s via Le Wagon :<\/span>\r\n<blockquote><i><span style=\"font-weight: 400;\">\u00a0\u00ab J\u2019ai pu rencontrer des Waggoners \u00e0 Mexico, Santiago, Buenos Aires, Montr\u00e9al\u2026 <strong>C\u2019est toujours rassurant de savoir qu\u2019on a une communaut\u00e9 pas loin<\/strong>. \u00bb<\/span><\/i><\/blockquote>\r\n<span style=\"font-weight: 400;\">Ines s\u2019appuie sur les canaux Slack et freelances de Le Wagon :<\/span>\r\n<blockquote><i><span style=\"font-weight: 400;\"> \u00ab <\/span><\/i><b><i>J\u2019ai trouv\u00e9 environ 75 % de mes contrats gr\u00e2ce \u00e0 Le Wagon<\/i><\/b><i><span style=\"font-weight: 400;\">\u2026 Je me sentais un peu plus en confiance, parce que je savais que les gens avec qui j\u2019allais travailler connaissaient ce que moi je ne ma\u00eetrisais pas encore. \u00bb<\/span><\/i><\/blockquote>\r\n<span style=\"font-weight: 400;\">Audrey ajoute :<\/span><span style=\"font-weight: 400;\">\r\n<\/span>\r\n<blockquote><i><span style=\"font-weight: 400;\">\u00a0\u00ab Toutes les communaut\u00e9s dont j\u2019ai fait partie \u00e9taient en ligne\u2026 mais maintenant que je suis au Royaume-Uni, je cherche activement \u00e0 participer \u00e0 des conf\u00e9rences et des \u00e9v\u00e9nements. \u00bb<\/span><\/i><\/blockquote>\r\n&nbsp;\r\n<h2><b>Outils, conseils et r\u00e9alit\u00e9s de la vie freelance<\/b><\/h2>\r\n<span style=\"font-weight: 400;\">R\u00e9ussir en freelance demande de<\/span><b> l\u2019organisation et des limites claires<\/b><span style=\"font-weight: 400;\">.<\/span>\r\n\r\n<span style=\"font-weight: 400;\">Cecilia ne jure que par <strong>Google Calendar<\/strong> :<\/span><span style=\"font-weight: 400;\">\r\n<\/span>\r\n<blockquote><i><span style=\"font-weight: 400;\">\u00a0\u00ab \u00c7a peut para\u00eetre tr\u00e8s simple\u2026 mais c\u2019est excellent pour la tranquillit\u00e9 d\u2019esprit. \u00bb<\/span><\/i><\/blockquote>\r\n<span style=\"font-weight: 400;\">Audrey organise tout avec <strong>Notion et Calendly<\/strong> :<\/span>\r\n<blockquote><i><span style=\"font-weight: 400;\">\u00a0\u00ab Je suis tous les projets et leur avancement\u2026 et j\u2019essaie de garder un lien Calendly actif pour \u00e9viter les allers-retours d\u2019emails. \u00bb<\/span><\/i><\/blockquote>\r\n<span style=\"font-weight: 400;\">Ines reste transparente :<\/span><span style=\"font-weight: 400;\">\r\n<\/span>\r\n<blockquote><i><span style=\"font-weight: 400;\">\u00a0\u00ab Je ne suis pas super bien organis\u00e9e\u2026 mais j\u2019utilise <strong>un logiciel de suivi du temps<\/strong>. M\u00eame si le projet est pay\u00e9 au forfait, c\u2019est important de savoir combien de temps tu y as pass\u00e9. \u00bb<\/span><\/i>\r\n\r\n&nbsp;<\/blockquote>\r\n<span style=\"font-weight: 400;\">C\u00f4t\u00e9 paiements, Audrey recommande <strong>les contrats et les acomptes<\/strong> :<\/span><span style=\"font-weight: 400;\">\r\n<\/span>\r\n<blockquote><i><span style=\"font-weight: 400;\">\u00a0\u00ab Je demande presque toujours 50 % \u00e0 l\u2019avance, puis 50 % \u00e0 la livraison. \u00bb<\/span><\/i><\/blockquote>\r\n<span style=\"font-weight: 400;\">Ines ajoute :<\/span><span style=\"font-weight: 400;\">\r\n<\/span>\r\n<blockquote><i><span style=\"font-weight: 400;\">\u00a0\u00ab Il y a toujours des paiements en retard\u2026 <\/span><\/i><b><i>\u00c7a fait partie de la r\u00e9alit\u00e9.<\/i><\/b><i><span style=\"font-weight: 400;\"> \u00bb<\/span><\/i><\/blockquote>\r\n&nbsp;\r\n<h2><b>Conclusion : conseils pour celles et ceux qui veulent se lancer<\/b><\/h2>\r\n<span style=\"font-weight: 400;\">Invit\u00e9es \u00e0 partager leurs conseils, les intervenantes ont d\u00e9gag\u00e9 plusieurs grandes id\u00e9es :<\/span>\r\n\r\n<b>\ud83d\udc49 Lancez-vous avant de vous sentir \u201cpr\u00eat\u00b7e\u201d.<\/b><span style=\"font-weight: 400;\"> Cecilia le dit tr\u00e8s bien :<\/span>\r\n<blockquote><i><span style=\"font-weight: 400;\">\u00ab Parfois, on pense qu\u2019il faut \u00eatre pr\u00eat\u2026 mais <\/span><\/i><b><i>on apprend en cours de route<\/i><\/b><i><span style=\"font-weight: 400;\">. \u00bb<\/span><\/i><\/blockquote>\r\n<b>\ud83d\udc49 Commencez en toute s\u00e9curit\u00e9.<\/b><span style=\"font-weight: 400;\"> Ines recommande :<\/span>\r\n<blockquote><i><span style=\"font-weight: 400;\">\u00ab Si vous avez d\u00e9j\u00e0 un emploi\u2026 c\u2019est peut-\u00eatre une bonne id\u00e9e de trouver votre premier contrat freelance pendant que vous y \u00eates encore. \u00bb<\/span><\/i><\/blockquote>\r\n<b>\ud83d\udc49 Pas besoin de clients locaux.<\/b><span style=\"font-weight: 400;\"> Audrey explique :<\/span>\r\n<blockquote><i><span style=\"font-weight: 400;\">\u00ab Ma base de clients n\u2019a jamais chang\u00e9 selon o\u00f9 je me trouvais\u2026 en tant que freelance dans la tech, <\/span><\/i><b><i>le monde est litt\u00e9ralement ouvert \u00e0 vous<\/i><\/b><i><span style=\"font-weight: 400;\">. \u00bb<\/span><\/i><\/blockquote>\r\n<span style=\"font-weight: 400;\">Et surtout : <\/span><b>appuyez-vous sur votre communaut\u00e9<\/b><span style=\"font-weight: 400;\">. Que ce soit via le r\u00e9seau alumni de Le Wagon ou des \u00e9v\u00e9nements locaux, le lien humain est fondamental.<\/span><span style=\"font-weight: 400;\">\r\n\r\n<\/span>\r\n<blockquote><i><span style=\"font-weight: 400;\">\u00a0\u00ab C\u2019est un processus fait d\u2019apprentissages, d\u2019erreurs, puis d\u2019apprentissages, puis d\u2019erreurs. \u00bb \u2013\u00a0 <\/span><\/i><span style=\"font-weight: 400;\">conclue Cecilia<\/span><\/blockquote>\r\n&nbsp;\r\n\r\n[video width=\"1920\" height=\"1080\" mp4=\"https:\/\/blog.lewagon.com\/wp-content\/uploads\/2025\/06\/digital-nomad-lifestyle.mp4\"][\/video]\r\n\r\n<a href=\"https:\/\/streamyard.com\/ztrg8pb9mwtv\" target=\"_blank\" rel=\"noopener\"><span style=\"font-weight: 400;\">\ud83c\udfa5 <\/span><b>Voir le replay de la table ronde<\/b><\/a>\r\n\r\n&nbsp;\r\n\r\n<span style=\"font-weight: 400;\">Si vous souhaitez rencontrer les intervenantes, ou d\u00e9couvrir comment d\u00e9marrer votre propre parcours tech, Le Wagon propose des ateliers gratuits, des bootcamps immersifs et une communaut\u00e9 mondiale de passionn\u00e9s de tech et de p\u00e9dagogie. Que vous souhaitiez changer de voie, monter en comp\u00e9tences ou simplement explorer, il y a une place pour vous.<\/span>\r\n\r\n&nbsp;\r\n\r\n<span style=\"font-weight: 400;\">\ud83d\udc49 <\/span><b>Pr\u00eat\u00b7e \u00e0 franchir le premier pas ?<\/b><span style=\"font-weight: 400;\"><strong><a href=\"https:\/\/calendly.com\/lewagon\/call-with-le-wagon-s-advisors-canada?month=2025-06\" target=\"_blank\" rel=\"noopener\"> R\u00e9servez un appel avec un conseiller p\u00e9dagogique<\/a> <\/strong>ou inscrivez-vous \u00e0 l\u2019un de nos prochains \u00e9v\u00e9nements.<\/span>\r\n\r\n&nbsp;","_contenu_de_larticle":"field_6412588b55814","titre_de_la_banniere":"","_titre_de_la_banniere":"field_6422eb732c237","paragraphe_de_la_banniere":"","_paragraphe_de_la_banniere":"field_6422ed834a968","intitule_du_bouton_de_la_banniere":"","_intitule_du_bouton_de_la_banniere":"field_6422ed934a969","lien_du_bouton_de_la_banniere":"","_lien_du_bouton_de_la_banniere":"field_6422eda54a96a","yoast_head":"<!-- This site is optimized with the Yoast SEO Premium plugin v27.5 (Yoast SEO v27.5) - https:\/\/yoast.com\/product\/yoast-seo-premium-wordpress\/ -->\n<title>Adopter le mode de vie digital nomad : retour sur exp\u00e9rience des freelances de la communaut\u00e9 du Wagon | Blog Le Wagon<\/title>\n<meta name=\"description\" content=\"Le style de vie digital nomad fait r\u00eaver beaucoup de monde \u2014 un \u00e9quilibre entre travail, exploration et libert\u00e9. Mais qu\u2019est-ce que cela signifie vraiment au quotidien ? Lors d\u2019une table ronde organis\u00e9e par Le Wagon, trois femmes inspirantes \u2014 Audrey, Cecilia et Ines \u2014 ont partag\u00e9 leur parcours dans la tech, le freelancing et le travail \u00e0 distance, et comment Le Wagon les a aid\u00e9es \u00e0 tracer leur chemin.\" \/>\n<meta name=\"robots\" content=\"index, follow, max-snippet:-1, max-image-preview:large, max-video-preview:-1\" \/>\n<link rel=\"canonical\" href=\"https:\/\/blog.lewagon.com\/fr\/career\/adopter-le-mode-de-vie-digital-nomad-retour-sur-experience-des-freelances-de-la-communaute-du-wagon\/\" \/>\n<meta property=\"og:locale\" content=\"fr_FR\" \/>\n<meta property=\"og:type\" content=\"article\" \/>\n<meta property=\"og:title\" content=\"Adopter le mode de vie digital nomad : retour sur exp\u00e9rience des freelances de la communaut\u00e9 du Wagon\" \/>\n<meta property=\"og:description\" content=\"Le style de vie digital nomad fait r\u00eaver beaucoup de monde \u2014 un \u00e9quilibre entre travail, exploration et libert\u00e9. Mais qu\u2019est-ce que cela signifie vraiment au quotidien ? Lors d\u2019une table ronde organis\u00e9e par Le Wagon, trois femmes inspirantes \u2014 Audrey, Cecilia et Ines \u2014 ont partag\u00e9 leur parcours dans la tech, le freelancing et le travail \u00e0 distance, et comment Le Wagon les a aid\u00e9es \u00e0 tracer leur chemin.\" \/>\n<meta property=\"og:url\" content=\"https:\/\/blog.lewagon.com\/fr\/career\/adopter-le-mode-de-vie-digital-nomad-retour-sur-experience-des-freelances-de-la-communaute-du-wagon\/\" \/>\n<meta property=\"og:site_name\" content=\"Blog Le Wagon\" \/>\n<meta property=\"article:published_time\" content=\"2025-06-04T14:34:03+00:00\" \/>\n<meta property=\"article:modified_time\" content=\"2025-06-04T14:45:29+00:00\" \/>\n<meta property=\"og:image\" content=\"https:\/\/blog.lewagon.com\/wp-content\/uploads\/2025\/06\/diiigital.png\" \/>\n\t<meta property=\"og:image:width\" content=\"880\" \/>\n\t<meta property=\"og:image:height\" content=\"808\" \/>\n\t<meta property=\"og:image:type\" content=\"image\/png\" \/>\n<meta name=\"author\" content=\"Annabelle Lebailly\" \/>\n<meta name=\"twitter:card\" content=\"summary_large_image\" \/>\n<meta name=\"twitter:label1\" content=\"\u00c9crit par\" \/>\n\t<meta name=\"twitter:data1\" content=\"Annabelle Lebailly\" \/>\n\t<meta name=\"twitter:label2\" content=\"Dur\u00e9e de lecture estim\u00e9e\" \/>\n\t<meta name=\"twitter:data2\" content=\"3 minutes\" \/>\n<script type=\"application\/ld+json\" class=\"yoast-schema-graph\">{\"@context\":\"https:\\\/\\\/schema.org\",\"@graph\":[{\"@type\":[\"Article\",\"BlogPosting\"],\"@id\":\"https:\\\/\\\/blog.lewagon.com\\\/fr\\\/career\\\/adopter-le-mode-de-vie-digital-nomad-retour-sur-experience-des-freelances-de-la-communaute-du-wagon\\\/#article\",\"isPartOf\":{\"@id\":\"https:\\\/\\\/blog.lewagon.com\\\/fr\\\/career\\\/adopter-le-mode-de-vie-digital-nomad-retour-sur-experience-des-freelances-de-la-communaute-du-wagon\\\/\"},\"author\":{\"name\":\"Annabelle Lebailly\",\"@id\":\"https:\\\/\\\/blog.lewagon.com\\\/fr\\\/#\\\/schema\\\/person\\\/671d9a4eb76d361986d2dcf71bd7fe84\"},\"headline\":\"Adopter le mode de vie digital nomad : retour sur exp\u00e9rience des freelances de la communaut\u00e9 du Wagon\",\"datePublished\":\"2025-06-04T14:34:03+00:00\",\"dateModified\":\"2025-06-04T14:45:29+00:00\",\"mainEntityOfPage\":{\"@id\":\"https:\\\/\\\/blog.lewagon.com\\\/fr\\\/career\\\/adopter-le-mode-de-vie-digital-nomad-retour-sur-experience-des-freelances-de-la-communaute-du-wagon\\\/\"},\"wordCount\":18,\"publisher\":{\"@id\":\"https:\\\/\\\/blog.lewagon.com\\\/fr\\\/#organization\"},\"image\":{\"@id\":\"https:\\\/\\\/blog.lewagon.com\\\/fr\\\/career\\\/adopter-le-mode-de-vie-digital-nomad-retour-sur-experience-des-freelances-de-la-communaute-du-wagon\\\/#primaryimage\"},\"thumbnailUrl\":\"https:\\\/\\\/i0.wp.com\\\/blog.lewagon.com\\\/wp-content\\\/uploads\\\/2025\\\/06\\\/diiigital.png?fit=880%2C808&ssl=1\",\"keywords\":[\"Le Wagon\",\"Tech\"],\"articleSection\":[\"Career\"],\"inLanguage\":\"fr-FR\"},{\"@type\":\"WebPage\",\"@id\":\"https:\\\/\\\/blog.lewagon.com\\\/fr\\\/career\\\/adopter-le-mode-de-vie-digital-nomad-retour-sur-experience-des-freelances-de-la-communaute-du-wagon\\\/\",\"url\":\"https:\\\/\\\/blog.lewagon.com\\\/fr\\\/career\\\/adopter-le-mode-de-vie-digital-nomad-retour-sur-experience-des-freelances-de-la-communaute-du-wagon\\\/\",\"name\":\"Adopter le mode de vie digital nomad : retour sur exp\u00e9rience des freelances de la communaut\u00e9 du Wagon | Blog Le Wagon\",\"isPartOf\":{\"@id\":\"https:\\\/\\\/blog.lewagon.com\\\/fr\\\/#website\"},\"primaryImageOfPage\":{\"@id\":\"https:\\\/\\\/blog.lewagon.com\\\/fr\\\/career\\\/adopter-le-mode-de-vie-digital-nomad-retour-sur-experience-des-freelances-de-la-communaute-du-wagon\\\/#primaryimage\"},\"image\":{\"@id\":\"https:\\\/\\\/blog.lewagon.com\\\/fr\\\/career\\\/adopter-le-mode-de-vie-digital-nomad-retour-sur-experience-des-freelances-de-la-communaute-du-wagon\\\/#primaryimage\"},\"thumbnailUrl\":\"https:\\\/\\\/i0.wp.com\\\/blog.lewagon.com\\\/wp-content\\\/uploads\\\/2025\\\/06\\\/diiigital.png?fit=880%2C808&ssl=1\",\"datePublished\":\"2025-06-04T14:34:03+00:00\",\"dateModified\":\"2025-06-04T14:45:29+00:00\",\"description\":\"Le style de vie digital nomad fait r\u00eaver beaucoup de monde \u2014 un \u00e9quilibre entre travail, exploration et libert\u00e9. Mais qu\u2019est-ce que cela signifie vraiment au quotidien ? Lors d\u2019une table ronde organis\u00e9e par Le Wagon, trois femmes inspirantes \u2014 Audrey, Cecilia et Ines \u2014 ont partag\u00e9 leur parcours dans la tech, le freelancing et le travail \u00e0 distance, et comment Le Wagon les a aid\u00e9es \u00e0 tracer leur chemin.\",\"breadcrumb\":{\"@id\":\"https:\\\/\\\/blog.lewagon.com\\\/fr\\\/career\\\/adopter-le-mode-de-vie-digital-nomad-retour-sur-experience-des-freelances-de-la-communaute-du-wagon\\\/#breadcrumb\"},\"inLanguage\":\"fr-FR\",\"potentialAction\":[{\"@type\":\"ReadAction\",\"target\":[\"https:\\\/\\\/blog.lewagon.com\\\/fr\\\/career\\\/adopter-le-mode-de-vie-digital-nomad-retour-sur-experience-des-freelances-de-la-communaute-du-wagon\\\/\"]}]},{\"@type\":\"ImageObject\",\"inLanguage\":\"fr-FR\",\"@id\":\"https:\\\/\\\/blog.lewagon.com\\\/fr\\\/career\\\/adopter-le-mode-de-vie-digital-nomad-retour-sur-experience-des-freelances-de-la-communaute-du-wagon\\\/#primaryimage\",\"url\":\"https:\\\/\\\/i0.wp.com\\\/blog.lewagon.com\\\/wp-content\\\/uploads\\\/2025\\\/06\\\/diiigital.png?fit=880%2C808&ssl=1\",\"contentUrl\":\"https:\\\/\\\/i0.wp.com\\\/blog.lewagon.com\\\/wp-content\\\/uploads\\\/2025\\\/06\\\/diiigital.png?fit=880%2C808&ssl=1\",\"width\":880,\"height\":808},{\"@type\":\"BreadcrumbList\",\"@id\":\"https:\\\/\\\/blog.lewagon.com\\\/fr\\\/career\\\/adopter-le-mode-de-vie-digital-nomad-retour-sur-experience-des-freelances-de-la-communaute-du-wagon\\\/#breadcrumb\",\"itemListElement\":[{\"@type\":\"ListItem\",\"position\":1,\"name\":\"Accueil\",\"item\":\"https:\\\/\\\/blog.lewagon.com\\\/fr\\\/\"},{\"@type\":\"ListItem\",\"position\":2,\"name\":\"Career\",\"item\":\"https:\\\/\\\/blog.lewagon.com\\\/fr\\\/.\\\/career\\\/\"},{\"@type\":\"ListItem\",\"position\":3,\"name\":\"Adopter le mode de vie digital nomad : retour sur exp\u00e9rience des freelances de la communaut\u00e9 du Wagon\"}]},{\"@type\":\"WebSite\",\"@id\":\"https:\\\/\\\/blog.lewagon.com\\\/fr\\\/#website\",\"url\":\"https:\\\/\\\/blog.lewagon.com\\\/fr\\\/\",\"name\":\"Le Wagon\",\"description\":\"\",\"publisher\":{\"@id\":\"https:\\\/\\\/blog.lewagon.com\\\/fr\\\/#organization\"},\"potentialAction\":[{\"@type\":\"SearchAction\",\"target\":{\"@type\":\"EntryPoint\",\"urlTemplate\":\"https:\\\/\\\/blog.lewagon.com\\\/fr\\\/?s={search_term_string}\"},\"query-input\":{\"@type\":\"PropertyValueSpecification\",\"valueRequired\":true,\"valueName\":\"search_term_string\"}}],\"inLanguage\":\"fr-FR\"},{\"@type\":\"Organization\",\"@id\":\"https:\\\/\\\/blog.lewagon.com\\\/fr\\\/#organization\",\"name\":\"Le Wagon\",\"url\":\"https:\\\/\\\/blog.lewagon.com\\\/fr\\\/\",\"logo\":{\"@type\":\"ImageObject\",\"inLanguage\":\"fr-FR\",\"@id\":\"https:\\\/\\\/blog.lewagon.com\\\/fr\\\/#\\\/schema\\\/logo\\\/image\\\/\",\"url\":\"https:\\\/\\\/blog.lewagon.com\\\/wp-content\\\/uploads\\\/2023\\\/02\\\/logo.svg\",\"contentUrl\":\"https:\\\/\\\/blog.lewagon.com\\\/wp-content\\\/uploads\\\/2023\\\/02\\\/logo.svg\",\"width\":172,\"height\":44,\"caption\":\"Le Wagon\"},\"image\":{\"@id\":\"https:\\\/\\\/blog.lewagon.com\\\/fr\\\/#\\\/schema\\\/logo\\\/image\\\/\"}},{\"@type\":\"Person\",\"@id\":\"https:\\\/\\\/blog.lewagon.com\\\/fr\\\/#\\\/schema\\\/person\\\/671d9a4eb76d361986d2dcf71bd7fe84\",\"name\":\"Annabelle Lebailly\",\"image\":{\"@type\":\"ImageObject\",\"inLanguage\":\"fr-FR\",\"@id\":\"https:\\\/\\\/secure.gravatar.com\\\/avatar\\\/47c26d8b6b6d57aed4c9e21ac606b264cbf9a15995b00de6721c0577c0768779?s=96&d=mm&r=g\",\"url\":\"https:\\\/\\\/secure.gravatar.com\\\/avatar\\\/47c26d8b6b6d57aed4c9e21ac606b264cbf9a15995b00de6721c0577c0768779?s=96&d=mm&r=g\",\"contentUrl\":\"https:\\\/\\\/secure.gravatar.com\\\/avatar\\\/47c26d8b6b6d57aed4c9e21ac606b264cbf9a15995b00de6721c0577c0768779?s=96&d=mm&r=g\",\"caption\":\"Annabelle Lebailly\"},\"url\":\"https:\\\/\\\/blog.lewagon.com\\\/fr\\\/author\\\/annabelle-lebailly\\\/\"}]}<\/script>\n<!-- \/ Yoast SEO Premium plugin. -->","yoast_head_json":{"title":"Adopter le mode de vie digital nomad : retour sur exp\u00e9rience des freelances de la communaut\u00e9 du Wagon | Blog Le Wagon","description":"Le style de vie digital nomad fait r\u00eaver beaucoup de monde \u2014 un \u00e9quilibre entre travail, exploration et libert\u00e9. Mais qu\u2019est-ce que cela signifie vraiment au quotidien ? Lors d\u2019une table ronde organis\u00e9e par Le Wagon, trois femmes inspirantes \u2014 Audrey, Cecilia et Ines \u2014 ont partag\u00e9 leur parcours dans la tech, le freelancing et le travail \u00e0 distance, et comment Le Wagon les a aid\u00e9es \u00e0 tracer leur chemin.","robots":{"index":"index","follow":"follow","max-snippet":"max-snippet:-1","max-image-preview":"max-image-preview:large","max-video-preview":"max-video-preview:-1"},"canonical":"https:\/\/blog.lewagon.com\/fr\/career\/adopter-le-mode-de-vie-digital-nomad-retour-sur-experience-des-freelances-de-la-communaute-du-wagon\/","og_locale":"fr_FR","og_type":"article","og_title":"Adopter le mode de vie digital nomad : retour sur exp\u00e9rience des freelances de la communaut\u00e9 du Wagon","og_description":"Le style de vie digital nomad fait r\u00eaver beaucoup de monde \u2014 un \u00e9quilibre entre travail, exploration et libert\u00e9. Mais qu\u2019est-ce que cela signifie vraiment au quotidien ? Lors d\u2019une table ronde organis\u00e9e par Le Wagon, trois femmes inspirantes \u2014 Audrey, Cecilia et Ines \u2014 ont partag\u00e9 leur parcours dans la tech, le freelancing et le travail \u00e0 distance, et comment Le Wagon les a aid\u00e9es \u00e0 tracer leur chemin.","og_url":"https:\/\/blog.lewagon.com\/fr\/career\/adopter-le-mode-de-vie-digital-nomad-retour-sur-experience-des-freelances-de-la-communaute-du-wagon\/","og_site_name":"Blog Le Wagon","article_published_time":"2025-06-04T14:34:03+00:00","article_modified_time":"2025-06-04T14:45:29+00:00","og_image":[{"width":880,"height":808,"url":"https:\/\/blog.lewagon.com\/wp-content\/uploads\/2025\/06\/diiigital.png","type":"image\/png"}],"author":"Annabelle Lebailly","twitter_card":"summary_large_image","twitter_misc":{"\u00c9crit par":"Annabelle Lebailly","Dur\u00e9e de lecture estim\u00e9e":"3 minutes"},"schema":{"@context":"https:\/\/schema.org","@graph":[{"@type":["Article","BlogPosting"],"@id":"https:\/\/blog.lewagon.com\/fr\/career\/adopter-le-mode-de-vie-digital-nomad-retour-sur-experience-des-freelances-de-la-communaute-du-wagon\/#article","isPartOf":{"@id":"https:\/\/blog.lewagon.com\/fr\/career\/adopter-le-mode-de-vie-digital-nomad-retour-sur-experience-des-freelances-de-la-communaute-du-wagon\/"},"author":{"name":"Annabelle Lebailly","@id":"https:\/\/blog.lewagon.com\/fr\/#\/schema\/person\/671d9a4eb76d361986d2dcf71bd7fe84"},"headline":"Adopter le mode de vie digital nomad : retour sur exp\u00e9rience des freelances de la communaut\u00e9 du Wagon","datePublished":"2025-06-04T14:34:03+00:00","dateModified":"2025-06-04T14:45:29+00:00","mainEntityOfPage":{"@id":"https:\/\/blog.lewagon.com\/fr\/career\/adopter-le-mode-de-vie-digital-nomad-retour-sur-experience-des-freelances-de-la-communaute-du-wagon\/"},"wordCount":18,"publisher":{"@id":"https:\/\/blog.lewagon.com\/fr\/#organization"},"image":{"@id":"https:\/\/blog.lewagon.com\/fr\/career\/adopter-le-mode-de-vie-digital-nomad-retour-sur-experience-des-freelances-de-la-communaute-du-wagon\/#primaryimage"},"thumbnailUrl":"https:\/\/i0.wp.com\/blog.lewagon.com\/wp-content\/uploads\/2025\/06\/diiigital.png?fit=880%2C808&ssl=1","keywords":["Le Wagon","Tech"],"articleSection":["Career"],"inLanguage":"fr-FR"},{"@type":"WebPage","@id":"https:\/\/blog.lewagon.com\/fr\/career\/adopter-le-mode-de-vie-digital-nomad-retour-sur-experience-des-freelances-de-la-communaute-du-wagon\/","url":"https:\/\/blog.lewagon.com\/fr\/career\/adopter-le-mode-de-vie-digital-nomad-retour-sur-experience-des-freelances-de-la-communaute-du-wagon\/","name":"Adopter le mode de vie digital nomad : retour sur exp\u00e9rience des freelances de la communaut\u00e9 du Wagon | Blog Le Wagon","isPartOf":{"@id":"https:\/\/blog.lewagon.com\/fr\/#website"},"primaryImageOfPage":{"@id":"https:\/\/blog.lewagon.com\/fr\/career\/adopter-le-mode-de-vie-digital-nomad-retour-sur-experience-des-freelances-de-la-communaute-du-wagon\/#primaryimage"},"image":{"@id":"https:\/\/blog.lewagon.com\/fr\/career\/adopter-le-mode-de-vie-digital-nomad-retour-sur-experience-des-freelances-de-la-communaute-du-wagon\/#primaryimage"},"thumbnailUrl":"https:\/\/i0.wp.com\/blog.lewagon.com\/wp-content\/uploads\/2025\/06\/diiigital.png?fit=880%2C808&ssl=1","datePublished":"2025-06-04T14:34:03+00:00","dateModified":"2025-06-04T14:45:29+00:00","description":"Le style de vie digital nomad fait r\u00eaver beaucoup de monde \u2014 un \u00e9quilibre entre travail, exploration et libert\u00e9. Mais qu\u2019est-ce que cela signifie vraiment au quotidien ? Lors d\u2019une table ronde organis\u00e9e par Le Wagon, trois femmes inspirantes \u2014 Audrey, Cecilia et Ines \u2014 ont partag\u00e9 leur parcours dans la tech, le freelancing et le travail \u00e0 distance, et comment Le Wagon les a aid\u00e9es \u00e0 tracer leur chemin.","breadcrumb":{"@id":"https:\/\/blog.lewagon.com\/fr\/career\/adopter-le-mode-de-vie-digital-nomad-retour-sur-experience-des-freelances-de-la-communaute-du-wagon\/#breadcrumb"},"inLanguage":"fr-FR","potentialAction":[{"@type":"ReadAction","target":["https:\/\/blog.lewagon.com\/fr\/career\/adopter-le-mode-de-vie-digital-nomad-retour-sur-experience-des-freelances-de-la-communaute-du-wagon\/"]}]},{"@type":"ImageObject","inLanguage":"fr-FR","@id":"https:\/\/blog.lewagon.com\/fr\/career\/adopter-le-mode-de-vie-digital-nomad-retour-sur-experience-des-freelances-de-la-communaute-du-wagon\/#primaryimage","url":"https:\/\/i0.wp.com\/blog.lewagon.com\/wp-content\/uploads\/2025\/06\/diiigital.png?fit=880%2C808&ssl=1","contentUrl":"https:\/\/i0.wp.com\/blog.lewagon.com\/wp-content\/uploads\/2025\/06\/diiigital.png?fit=880%2C808&ssl=1","width":880,"height":808},{"@type":"BreadcrumbList","@id":"https:\/\/blog.lewagon.com\/fr\/career\/adopter-le-mode-de-vie-digital-nomad-retour-sur-experience-des-freelances-de-la-communaute-du-wagon\/#breadcrumb","itemListElement":[{"@type":"ListItem","position":1,"name":"Accueil","item":"https:\/\/blog.lewagon.com\/fr\/"},{"@type":"ListItem","position":2,"name":"Career","item":"https:\/\/blog.lewagon.com\/fr\/.\/career\/"},{"@type":"ListItem","position":3,"name":"Adopter le mode de vie digital nomad : retour sur exp\u00e9rience des freelances de la communaut\u00e9 du Wagon"}]},{"@type":"WebSite","@id":"https:\/\/blog.lewagon.com\/fr\/#website","url":"https:\/\/blog.lewagon.com\/fr\/","name":"Le Wagon","description":"","publisher":{"@id":"https:\/\/blog.lewagon.com\/fr\/#organization"},"potentialAction":[{"@type":"SearchAction","target":{"@type":"EntryPoint","urlTemplate":"https:\/\/blog.lewagon.com\/fr\/?s={search_term_string}"},"query-input":{"@type":"PropertyValueSpecification","valueRequired":true,"valueName":"search_term_string"}}],"inLanguage":"fr-FR"},{"@type":"Organization","@id":"https:\/\/blog.lewagon.com\/fr\/#organization","name":"Le Wagon","url":"https:\/\/blog.lewagon.com\/fr\/","logo":{"@type":"ImageObject","inLanguage":"fr-FR","@id":"https:\/\/blog.lewagon.com\/fr\/#\/schema\/logo\/image\/","url":"https:\/\/blog.lewagon.com\/wp-content\/uploads\/2023\/02\/logo.svg","contentUrl":"https:\/\/blog.lewagon.com\/wp-content\/uploads\/2023\/02\/logo.svg","width":172,"height":44,"caption":"Le Wagon"},"image":{"@id":"https:\/\/blog.lewagon.com\/fr\/#\/schema\/logo\/image\/"}},{"@type":"Person","@id":"https:\/\/blog.lewagon.com\/fr\/#\/schema\/person\/671d9a4eb76d361986d2dcf71bd7fe84","name":"Annabelle Lebailly","image":{"@type":"ImageObject","inLanguage":"fr-FR","@id":"https:\/\/secure.gravatar.com\/avatar\/47c26d8b6b6d57aed4c9e21ac606b264cbf9a15995b00de6721c0577c0768779?s=96&d=mm&r=g","url":"https:\/\/secure.gravatar.com\/avatar\/47c26d8b6b6d57aed4c9e21ac606b264cbf9a15995b00de6721c0577c0768779?s=96&d=mm&r=g","contentUrl":"https:\/\/secure.gravatar.com\/avatar\/47c26d8b6b6d57aed4c9e21ac606b264cbf9a15995b00de6721c0577c0768779?s=96&d=mm&r=g","caption":"Annabelle Lebailly"},"url":"https:\/\/blog.lewagon.com\/fr\/author\/annabelle-lebailly\/"}]}},"jetpack_featured_media_url":"https:\/\/i0.wp.com\/blog.lewagon.com\/wp-content\/uploads\/2025\/06\/diiigital.png?fit=880%2C808&ssl=1","jetpack_sharing_enabled":true,"_links":{"self":[{"href":"https:\/\/blog.lewagon.com\/fr\/wp-json\/wp\/v2\/posts\/235240","targetHints":{"allow":["GET"]}}],"collection":[{"href":"https:\/\/blog.lewagon.com\/fr\/wp-json\/wp\/v2\/posts"}],"about":[{"href":"https:\/\/blog.lewagon.com\/fr\/wp-json\/wp\/v2\/types\/post"}],"author":[{"embeddable":true,"href":"https:\/\/blog.lewagon.com\/fr\/wp-json\/wp\/v2\/users\/78"}],"replies":[{"embeddable":true,"href":"https:\/\/blog.lewagon.com\/fr\/wp-json\/wp\/v2\/comments?post=235240"}],"version-history":[{"count":2,"href":"https:\/\/blog.lewagon.com\/fr\/wp-json\/wp\/v2\/posts\/235240\/revisions"}],"predecessor-version":[{"id":235242,"href":"https:\/\/blog.lewagon.com\/fr\/wp-json\/wp\/v2\/posts\/235240\/revisions\/235242"}],"wp:featuredmedia":[{"embeddable":true,"href":"https:\/\/blog.lewagon.com\/fr\/wp-json\/wp\/v2\/media\/235231"}],"wp:attachment":[{"href":"https:\/\/blog.lewagon.com\/fr\/wp-json\/wp\/v2\/media?parent=235240"}],"wp:term":[{"taxonomy":"category","embeddable":true,"href":"https:\/\/blog.lewagon.com\/fr\/wp-json\/wp\/v2\/categories?post=235240"},{"taxonomy":"type_de_post","embeddable":true,"href":"https:\/\/blog.lewagon.com\/fr\/wp-json\/wp\/v2\/type_de_post?post=235240"},{"taxonomy":"post-format","embeddable":true,"href":"https:\/\/blog.lewagon.com\/fr\/wp-json\/wp\/v2\/post-format?post=235240"}],"curies":[{"name":"wp","href":"https:\/\/api.w.org\/{rel}","templated":true}]}}